{"id":60724,"date":"2024-07-06T20:40:09","date_gmt":"2024-07-06T20:40:09","guid":{"rendered":"https:\/\/immo.lecourrier.es\/index.php\/2024\/07\/06\/6e-journee-de-greve-pour-iberia\/"},"modified":"2026-03-04T14:59:50","modified_gmt":"2026-03-04T14:59:50","slug":"6e-journee-de-greve-pour-iberia","status":"publish","type":"post","link":"https:\/\/immo.lecourrier.es\/index.php\/2024\/07\/06\/6e-journee-de-greve-pour-iberia\/","title":{"rendered":"6e journ\u00e9e de gr\u00e8ve pour Iberia"},"content":{"rendered":"<p>Aujourd&rsquo;hui, Iberia a annul\u00e9 122 vols, soit 37% des vols pr\u00e9vus. Lundi 30 avril, 113 vols vont \u00eatre annul\u00e9s sur les 320 vols programm\u00e9s. Chaque journ\u00e9e de gr\u00e8ve co\u00fbte \u00e0 Iberia 3 millions d&rsquo;euros.  LCE  &nbsp;<\/p>\n","protected":false},"excerpt":{"rendered":"<p>Aujourd&rsquo;hui, Iberia a annul\u00e9 122 vols, soit 37% des vols pr\u00e9vus. Lundi 30 avril, 113 vols vont \u00eatre annul\u00e9s sur les 320 vols programm\u00e9s. Chaque journ\u00e9e de gr\u00e8ve co\u00fbte \u00e0 Iberia 3 millions d&rsquo;euros. LCE &nbsp;<\/p>\n","protected":false},"author":462,"featured_media":0,"comment_status":"open","ping_status":"closed","sticky":false,"template":"","format":"standard","meta":{"om_disable_all_campaigns":false,"_monsterinsights_skip_tracking":false,"_monsterinsights_sitenote_active":false,"_monsterinsights_sitenote_note":"","_monsterinsights_sitenote_category":0,"_uf_show_specific_survey":0,"_uf_disable_surveys":false,"footnotes":""},"categories":[212],"tags":[],"class_list":["post-60724","post","type-post","status-publish","format-standard","hentry","category-breaking-news"],"acf":[],"_links":{"self":[{"href":"https:\/\/immo.lecourrier.es\/index.php\/wp-json\/wp\/v2\/posts\/60724","targetHints":{"allow":["GET"]}}],"collection":[{"href":"https:\/\/immo.lecourrier.es\/index.php\/wp-json\/wp\/v2\/posts"}],"about":[{"href":"https:\/\/immo.lecourrier.es\/index.php\/wp-json\/wp\/v2\/types\/post"}],"author":[{"embeddable":true,"href":"https:\/\/immo.lecourrier.es\/index.php\/wp-json\/wp\/v2\/users\/462"}],"replies":[{"embeddable":true,"href":"https:\/\/immo.lecourrier.es\/index.php\/wp-json\/wp\/v2\/comments?post=60724"}],"version-history":[{"count":0,"href":"https:\/\/immo.lecourrier.es\/index.php\/wp-json\/wp\/v2\/posts\/60724\/revisions"}],"wp:attachment":[{"href":"https:\/\/immo.lecourrier.es\/index.php\/wp-json\/wp\/v2\/media?parent=60724"}],"wp:term":[{"taxonomy":"category","embeddable":true,"href":"https:\/\/immo.lecourrier.es\/index.php\/wp-json\/wp\/v2\/categories?post=60724"},{"taxonomy":"post_tag","embeddable":true,"href":"https:\/\/immo.lecourrier.es\/index.php\/wp-json\/wp\/v2\/tags?post=60724"}],"curies":[{"name":"wp","href":"https:\/\/api.w.org\/{rel}","templated":true}]}}