{"id":60723,"date":"2024-07-06T20:40:09","date_gmt":"2024-07-06T20:40:09","guid":{"rendered":"https:\/\/immo.lecourrier.es\/index.php\/2024\/07\/06\/laugmentation-du-transport-public-de-madrid-a-pris-effet-le-1er-mai\/"},"modified":"2026-03-04T14:59:48","modified_gmt":"2026-03-04T14:59:48","slug":"laugmentation-du-transport-public-de-madrid-a-pris-effet-le-1er-mai","status":"publish","type":"post","link":"https:\/\/immo.lecourrier.es\/index.php\/2024\/07\/06\/laugmentation-du-transport-public-de-madrid-a-pris-effet-le-1er-mai\/","title":{"rendered":"L&rsquo;augmentation du transport public de Madrid a pris effet le 1er mai"},"content":{"rendered":"<p>Les augmentations tarifaires du transport public de Madrid ont commenc\u00e9 le 1er mai. Les trains, m\u00e9tro et bus ont \u00e9t\u00e9 augment\u00e9s d&rsquo;environ 11%. Le carnet de 10 voyages pour le m\u00e9tro qui co\u00fbtait 9.30 euros co\u00fbte maintenant 12 euros pour la zone A. Les anciens tickets fonctionneront jusqu&rsquo;au 18 mai. Le suppl\u00e9ment pour l&rsquo;a\u00e9roport est \u00e0 4.50 euros. Les abonnements mensuels utilis\u00e9s par 2 tiers des voyageurs augmentent d&rsquo;environ 8%. Un nouveau syst\u00e8me de carte est entrain d&rsquo;\u00eatre mis en place, similaire \u00e0 une carte de cr\u00e9dit, il apportera plus d&rsquo;informations sur le voyageur, le type de transport\u00a0utilis\u00e9\u00a0ou l&rsquo;itin\u00e9raire r\u00e9guli\u00e8rement emprunt\u00e9.  LCE<\/p>\n","protected":false},"excerpt":{"rendered":"<p>Les augmentations tarifaires du transport public de Madrid ont commenc\u00e9 le 1er mai. Les trains, m\u00e9tro et bus ont \u00e9t\u00e9 augment\u00e9s d&rsquo;environ 11%. Le carnet de 10 voyages pour le m\u00e9tro qui co\u00fbtait 9.30 euros co\u00fbte maintenant 12 euros pour la zone A. Les anciens tickets fonctionneront jusqu&rsquo;au 18 mai. Le suppl\u00e9ment pour l&rsquo;a\u00e9roport est [&hellip;]<\/p>\n","protected":false},"author":462,"featured_media":0,"comment_status":"open","ping_status":"closed","sticky":false,"template":"","format":"standard","meta":{"om_disable_all_campaigns":false,"_monsterinsights_skip_tracking":false,"_monsterinsights_sitenote_active":false,"_monsterinsights_sitenote_note":"","_monsterinsights_sitenote_category":0,"_uf_show_specific_survey":0,"_uf_disable_surveys":false,"footnotes":""},"categories":[212],"tags":[],"class_list":["post-60723","post","type-post","status-publish","format-standard","hentry","category-breaking-news"],"acf":[],"_links":{"self":[{"href":"https:\/\/immo.lecourrier.es\/index.php\/wp-json\/wp\/v2\/posts\/60723","targetHints":{"allow":["GET"]}}],"collection":[{"href":"https:\/\/immo.lecourrier.es\/index.php\/wp-json\/wp\/v2\/posts"}],"about":[{"href":"https:\/\/immo.lecourrier.es\/index.php\/wp-json\/wp\/v2\/types\/post"}],"author":[{"embeddable":true,"href":"https:\/\/immo.lecourrier.es\/index.php\/wp-json\/wp\/v2\/users\/462"}],"replies":[{"embeddable":true,"href":"https:\/\/immo.lecourrier.es\/index.php\/wp-json\/wp\/v2\/comments?post=60723"}],"version-history":[{"count":0,"href":"https:\/\/immo.lecourrier.es\/index.php\/wp-json\/wp\/v2\/posts\/60723\/revisions"}],"wp:attachment":[{"href":"https:\/\/immo.lecourrier.es\/index.php\/wp-json\/wp\/v2\/media?parent=60723"}],"wp:term":[{"taxonomy":"category","embeddable":true,"href":"https:\/\/immo.lecourrier.es\/index.php\/wp-json\/wp\/v2\/categories?post=60723"},{"taxonomy":"post_tag","embeddable":true,"href":"https:\/\/immo.lecourrier.es\/index.php\/wp-json\/wp\/v2\/tags?post=60723"}],"curies":[{"name":"wp","href":"https:\/\/api.w.org\/{rel}","templated":true}]}}