{"id":60719,"date":"2024-07-06T20:35:06","date_gmt":"2024-07-06T20:35:06","guid":{"rendered":"https:\/\/immo.lecourrier.es\/index.php\/2024\/07\/06\/baisse-de-125-du-prix-du-logement-en-espagne-en-avril\/"},"modified":"2026-03-04T14:56:00","modified_gmt":"2026-03-04T14:56:00","slug":"baisse-de-125-du-prix-du-logement-en-espagne-en-avril","status":"publish","type":"post","link":"https:\/\/immo.lecourrier.es\/index.php\/2024\/07\/06\/baisse-de-125-du-prix-du-logement-en-espagne-en-avril\/","title":{"rendered":"Baisse de 12,5% du prix du logement en Espagne en avril"},"content":{"rendered":"<p>Selon Tinsa, les prix du logement en Espagne connaissent une baisse de 12,5% en avril en comparaison avec le m\u00eame mois de l&rsquo;ann\u00e9e 2011. Les prix des habitations aux Bal\u00e9ares et aux Canaries sont 12,3% moins\u00a0 \u00e9lev\u00e9s au mois d&rsquo;avril. Quant aux logements situ\u00e9s dans les capitales et grandes villes d&rsquo;Espagne ont enregistr\u00e9 une baisse de 13,7% le mois dernier. Depuis 2007, le prix du logement ne cesse de chuter.  LCE<\/p>\n","protected":false},"excerpt":{"rendered":"<p>Selon Tinsa, les prix du logement en Espagne connaissent une baisse de 12,5% en avril en comparaison avec le m\u00eame mois de l&rsquo;ann\u00e9e 2011. Les prix des habitations aux Bal\u00e9ares et aux Canaries sont 12,3% moins\u00a0 \u00e9lev\u00e9s au mois d&rsquo;avril. Quant aux logements situ\u00e9s dans les capitales et grandes villes d&rsquo;Espagne ont enregistr\u00e9 une baisse [&hellip;]<\/p>\n","protected":false},"author":462,"featured_media":0,"comment_status":"open","ping_status":"closed","sticky":false,"template":"","format":"standard","meta":{"om_disable_all_campaigns":false,"_monsterinsights_skip_tracking":false,"_monsterinsights_sitenote_active":false,"_monsterinsights_sitenote_note":"","_monsterinsights_sitenote_category":0,"_uf_show_specific_survey":0,"_uf_disable_surveys":false,"footnotes":""},"categories":[212],"tags":[],"class_list":["post-60719","post","type-post","status-publish","format-standard","hentry","category-breaking-news"],"acf":[],"_links":{"self":[{"href":"https:\/\/immo.lecourrier.es\/index.php\/wp-json\/wp\/v2\/posts\/60719","targetHints":{"allow":["GET"]}}],"collection":[{"href":"https:\/\/immo.lecourrier.es\/index.php\/wp-json\/wp\/v2\/posts"}],"about":[{"href":"https:\/\/immo.lecourrier.es\/index.php\/wp-json\/wp\/v2\/types\/post"}],"author":[{"embeddable":true,"href":"https:\/\/immo.lecourrier.es\/index.php\/wp-json\/wp\/v2\/users\/462"}],"replies":[{"embeddable":true,"href":"https:\/\/immo.lecourrier.es\/index.php\/wp-json\/wp\/v2\/comments?post=60719"}],"version-history":[{"count":0,"href":"https:\/\/immo.lecourrier.es\/index.php\/wp-json\/wp\/v2\/posts\/60719\/revisions"}],"wp:attachment":[{"href":"https:\/\/immo.lecourrier.es\/index.php\/wp-json\/wp\/v2\/media?parent=60719"}],"wp:term":[{"taxonomy":"category","embeddable":true,"href":"https:\/\/immo.lecourrier.es\/index.php\/wp-json\/wp\/v2\/categories?post=60719"},{"taxonomy":"post_tag","embeddable":true,"href":"https:\/\/immo.lecourrier.es\/index.php\/wp-json\/wp\/v2\/tags?post=60719"}],"curies":[{"name":"wp","href":"https:\/\/api.w.org\/{rel}","templated":true}]}}