{"id":60714,"date":"2024-07-06T20:30:08","date_gmt":"2024-07-06T20:30:08","guid":{"rendered":"https:\/\/immo.lecourrier.es\/index.php\/2024\/07\/06\/repsol-menace-de-porter-plainte-contre-largentine\/"},"modified":"2026-03-04T14:50:54","modified_gmt":"2026-03-04T14:50:54","slug":"repsol-menace-de-porter-plainte-contre-largentine","status":"publish","type":"post","link":"https:\/\/immo.lecourrier.es\/index.php\/2024\/07\/06\/repsol-menace-de-porter-plainte-contre-largentine\/","title":{"rendered":"Repsol menace de porter plainte contre l&rsquo;Argentine"},"content":{"rendered":"<p><strong>Suite du conflit entre Repsol et l&rsquo;Argentine ! La compagnie espagnole Repsol vient de communiquer au gouvernement argentin l&rsquo;existence d&#8217;\u00a0\u00bbune controverse\u00a0\u00bb montrant que l&rsquo;expropriation de la compagnie p\u00e9troli\u00e8re YPF \u00e0 51% va \u00e0 l&rsquo;encontre du contrat hispano-argentin sur la protection des investissements.<\/strong>  L&rsquo;entreprise espagnole, Repsol, menace de porter plainte contre l&rsquo;Argentine pour avoir viol\u00e9 l&rsquo;accord pour la promotion et la protection r\u00e9ciproques des investissements entre les deux pays.\u00a0 Repsol va pr\u00e9senter l&rsquo;affaire au Centre international de r\u00e8glement des diff\u00e9rends relatifs aux investissements (Cirdi ), contr\u00f4l\u00e9 par la Banque Mondiale. L&rsquo;objectif souhait\u00e9 par les Espagnols \u00e9tant que l&rsquo;Argentine r\u00e9pare les dommages caus\u00e9s ou restitue la partie d&rsquo;YPF qui appartenait \u00e0 Repsol.  <strong>\u00a0Six mois pour trouver un accord<\/strong>  Les deux partis ont encore six mois pour trouver une solution \u00e0 l&rsquo;amiable avant que le\u00a0 Cirdi prenne une d\u00e9cision. Repsol estime la valeur de sa part dans YPF \u00e0 environ 8 milliards d&rsquo;euros. Depuis un mois, l&rsquo;affaire YPF bouleverse les relations diplomatiques et commerciales entre les deux pays.  &nbsp;  C.d.S<\/p>\n","protected":false},"excerpt":{"rendered":"<p>Suite du conflit entre Repsol et l&rsquo;Argentine ! La compagnie espagnole Repsol vient de communiquer au gouvernement argentin l&rsquo;existence d&#8217;\u00a0\u00bbune controverse\u00a0\u00bb montrant que l&rsquo;expropriation de la compagnie p\u00e9troli\u00e8re YPF \u00e0 51% va \u00e0 l&rsquo;encontre du contrat hispano-argentin sur la protection des investissements. L&rsquo;entreprise espagnole, Repsol, menace de porter plainte contre l&rsquo;Argentine pour avoir viol\u00e9 l&rsquo;accord [&hellip;]<\/p>\n","protected":false},"author":462,"featured_media":46993,"comment_status":"open","ping_status":"closed","sticky":false,"template":"","format":"standard","meta":{"om_disable_all_campaigns":false,"_monsterinsights_skip_tracking":false,"_monsterinsights_sitenote_active":false,"_monsterinsights_sitenote_note":"","_monsterinsights_sitenote_category":0,"_uf_show_specific_survey":0,"_uf_disable_surveys":false,"footnotes":""},"categories":[212],"tags":[],"class_list":["post-60714","post","type-post","status-publish","format-standard","has-post-thumbnail","hentry","category-breaking-news"],"acf":[],"_links":{"self":[{"href":"https:\/\/immo.lecourrier.es\/index.php\/wp-json\/wp\/v2\/posts\/60714","targetHints":{"allow":["GET"]}}],"collection":[{"href":"https:\/\/immo.lecourrier.es\/index.php\/wp-json\/wp\/v2\/posts"}],"about":[{"href":"https:\/\/immo.lecourrier.es\/index.php\/wp-json\/wp\/v2\/types\/post"}],"author":[{"embeddable":true,"href":"https:\/\/immo.lecourrier.es\/index.php\/wp-json\/wp\/v2\/users\/462"}],"replies":[{"embeddable":true,"href":"https:\/\/immo.lecourrier.es\/index.php\/wp-json\/wp\/v2\/comments?post=60714"}],"version-history":[{"count":0,"href":"https:\/\/immo.lecourrier.es\/index.php\/wp-json\/wp\/v2\/posts\/60714\/revisions"}],"wp:featuredmedia":[{"embeddable":true,"href":"https:\/\/immo.lecourrier.es\/index.php\/wp-json\/wp\/v2\/media\/46993"}],"wp:attachment":[{"href":"https:\/\/immo.lecourrier.es\/index.php\/wp-json\/wp\/v2\/media?parent=60714"}],"wp:term":[{"taxonomy":"category","embeddable":true,"href":"https:\/\/immo.lecourrier.es\/index.php\/wp-json\/wp\/v2\/categories?post=60714"},{"taxonomy":"post_tag","embeddable":true,"href":"https:\/\/immo.lecourrier.es\/index.php\/wp-json\/wp\/v2\/tags?post=60714"}],"curies":[{"name":"wp","href":"https:\/\/api.w.org\/{rel}","templated":true}]}}