{"id":60709,"date":"2024-07-06T20:20:10","date_gmt":"2024-07-06T20:20:10","guid":{"rendered":"https:\/\/immo.lecourrier.es\/index.php\/2024\/07\/06\/lespagne-promeut-son-offre-touristique-au-chili\/"},"modified":"2026-03-04T14:44:15","modified_gmt":"2026-03-04T14:44:15","slug":"lespagne-promeut-son-offre-touristique-au-chili","status":"publish","type":"post","link":"https:\/\/immo.lecourrier.es\/index.php\/2024\/07\/06\/lespagne-promeut-son-offre-touristique-au-chili\/","title":{"rendered":"L&rsquo;Espagne promeut son offre touristique au Chili"},"content":{"rendered":"<p>L&rsquo;Espagne diversifie son offre touristique et tente de s&rsquo;ouvrir \u00e0 de nouveaux march\u00e9s \u00e9mergents comme le Chili. Vendredi 18 mai dans la capitale chilienne, une rencontre a lieu entre les professionnels du tourisme des deux pays. L&rsquo;objectif \u00e9tant de promouvoir la destination \u00ab\u00a0Espagne\u00a0\u00bb en invitant \u00e0 d\u00e9couvrir ses plages, sa culture et sa gastronomie. Ils sont environ 80 000 touristes chiliens \u00e0 venir chaque ann\u00e9e dans le pays.  &nbsp;  LCE<\/p>\n","protected":false},"excerpt":{"rendered":"<p>L&rsquo;Espagne diversifie son offre touristique et tente de s&rsquo;ouvrir \u00e0 de nouveaux march\u00e9s \u00e9mergents comme le Chili. Vendredi 18 mai dans la capitale chilienne, une rencontre a lieu entre les professionnels du tourisme des deux pays. L&rsquo;objectif \u00e9tant de promouvoir la destination \u00ab\u00a0Espagne\u00a0\u00bb en invitant \u00e0 d\u00e9couvrir ses plages, sa culture et sa gastronomie. Ils [&hellip;]<\/p>\n","protected":false},"author":462,"featured_media":0,"comment_status":"open","ping_status":"closed","sticky":false,"template":"","format":"standard","meta":{"om_disable_all_campaigns":false,"_monsterinsights_skip_tracking":false,"_monsterinsights_sitenote_active":false,"_monsterinsights_sitenote_note":"","_monsterinsights_sitenote_category":0,"_uf_show_specific_survey":0,"_uf_disable_surveys":false,"footnotes":""},"categories":[212],"tags":[],"class_list":["post-60709","post","type-post","status-publish","format-standard","hentry","category-breaking-news"],"acf":[],"_links":{"self":[{"href":"https:\/\/immo.lecourrier.es\/index.php\/wp-json\/wp\/v2\/posts\/60709","targetHints":{"allow":["GET"]}}],"collection":[{"href":"https:\/\/immo.lecourrier.es\/index.php\/wp-json\/wp\/v2\/posts"}],"about":[{"href":"https:\/\/immo.lecourrier.es\/index.php\/wp-json\/wp\/v2\/types\/post"}],"author":[{"embeddable":true,"href":"https:\/\/immo.lecourrier.es\/index.php\/wp-json\/wp\/v2\/users\/462"}],"replies":[{"embeddable":true,"href":"https:\/\/immo.lecourrier.es\/index.php\/wp-json\/wp\/v2\/comments?post=60709"}],"version-history":[{"count":0,"href":"https:\/\/immo.lecourrier.es\/index.php\/wp-json\/wp\/v2\/posts\/60709\/revisions"}],"wp:attachment":[{"href":"https:\/\/immo.lecourrier.es\/index.php\/wp-json\/wp\/v2\/media?parent=60709"}],"wp:term":[{"taxonomy":"category","embeddable":true,"href":"https:\/\/immo.lecourrier.es\/index.php\/wp-json\/wp\/v2\/categories?post=60709"},{"taxonomy":"post_tag","embeddable":true,"href":"https:\/\/immo.lecourrier.es\/index.php\/wp-json\/wp\/v2\/tags?post=60709"}],"curies":[{"name":"wp","href":"https:\/\/api.w.org\/{rel}","templated":true}]}}