{"id":60707,"date":"2024-07-06T20:20:07","date_gmt":"2024-07-06T20:20:07","guid":{"rendered":"https:\/\/immo.lecourrier.es\/index.php\/2024\/07\/06\/rencontre-avec-yuli-dans-son-laboratoire-de-the\/"},"modified":"2026-03-04T14:44:08","modified_gmt":"2026-03-04T14:44:08","slug":"rencontre-avec-yuli-dans-son-laboratoire-de-the","status":"publish","type":"post","link":"https:\/\/immo.lecourrier.es\/index.php\/2024\/07\/06\/rencontre-avec-yuli-dans-son-laboratoire-de-the\/","title":{"rendered":"Rencontre avec Yuli dans son laboratoire de th\u00e9"},"content":{"rendered":"<p><strong>Juliana (Yuli) est andalouse. Apr\u00e8s avoir v\u00e9cu \u00e0 Londres o\u00f9 elle enseignait le fran\u00e7ais, elle d\u00e9cide de se lancer dans un projet qui lui tenait \u00e0 c\u0153ur : ouvrir son propre magasin de th\u00e9 et d\u2019\u00e9pices et recr\u00e9er l\u2019ambiance des petites boutiques qu\u2019on ne trouve plus \u00e0 Madrid.<\/strong>  &nbsp;  Voici presque 3 ans que Yuli a cr\u00e9\u00e9 Spicy Yuli, \u00e0 quelques pas de son domicile, dans le quartier de Triball. Un univers plein de charme o\u00f9 les bocaux d\u2019\u00e9pices de toutes les couleurs donnent vie \u00e0 ce petit local commercial, abandonn\u00e9 il y a \u00e0 peine quelques ann\u00e9es encore. On entre chez Yuli pour lui demander comment cuisiner un plat ou simplement pour lui dire bonjour. Chaque visite est une excuse pour discuter et \u00e9changer quelques \u00ab recettes de grand-m\u00e8re \u00bb.  Plus de 80 \u00e9pices et 90 vari\u00e9t\u00e9s de th\u00e9 se rassemblent sur ces anciennes \u00e9tag\u00e8res vintage qui donnent tout le charme \u00e0 cette \u00e9picerie coquette. Tout se vend au poids et c&rsquo;est un v\u00e9ritable plaisir de choisir entre cette gamme infinie d&rsquo;aromes. A cela viennent s\u2019ajouter quelques produits anglais, biscuits et confitures, petits sachets de sel ou encore des bonbons qu\u2019on aura la chance de go\u00fbter en feuilletant les livres de cuisine mis \u00e0 disposition d\u2019un public h\u00e9t\u00e9roclite. Alors, faites le passant curieux et entrez chez Yuli pour d\u00e9couvrir l\u2019ambiance des petits salons de th\u00e9 londoniens et se retrouver comme \u00e0 Portobello, qu\u2019elle appr\u00e9cie particuli\u00e8rement.  Spicy Yuli C\/Velarde, 42  &nbsp;  Marie Lampe  <a href=\"http:\/\/www.madridandco.com\/fr\/home_fr.html\">Madrid &amp; Co<\/a><\/p>\n","protected":false},"excerpt":{"rendered":"<p>Juliana (Yuli) est andalouse. Apr\u00e8s avoir v\u00e9cu \u00e0 Londres o\u00f9 elle enseignait le fran\u00e7ais, elle d\u00e9cide de se lancer dans un projet qui lui tenait \u00e0 c\u0153ur : ouvrir son propre magasin de th\u00e9 et d\u2019\u00e9pices et recr\u00e9er l\u2019ambiance des petites boutiques qu\u2019on ne trouve plus \u00e0 Madrid. &nbsp; Voici presque 3 ans que Yuli [&hellip;]<\/p>\n","protected":false},"author":462,"featured_media":46963,"comment_status":"open","ping_status":"closed","sticky":false,"template":"","format":"standard","meta":{"om_disable_all_campaigns":false,"_monsterinsights_skip_tracking":false,"_monsterinsights_sitenote_active":false,"_monsterinsights_sitenote_note":"","_monsterinsights_sitenote_category":0,"_uf_show_specific_survey":0,"_uf_disable_surveys":false,"footnotes":""},"categories":[212,4440],"tags":[],"class_list":["post-60707","post","type-post","status-publish","format-standard","has-post-thumbnail","hentry","category-breaking-news","category-networking"],"acf":[],"_links":{"self":[{"href":"https:\/\/immo.lecourrier.es\/index.php\/wp-json\/wp\/v2\/posts\/60707","targetHints":{"allow":["GET"]}}],"collection":[{"href":"https:\/\/immo.lecourrier.es\/index.php\/wp-json\/wp\/v2\/posts"}],"about":[{"href":"https:\/\/immo.lecourrier.es\/index.php\/wp-json\/wp\/v2\/types\/post"}],"author":[{"embeddable":true,"href":"https:\/\/immo.lecourrier.es\/index.php\/wp-json\/wp\/v2\/users\/462"}],"replies":[{"embeddable":true,"href":"https:\/\/immo.lecourrier.es\/index.php\/wp-json\/wp\/v2\/comments?post=60707"}],"version-history":[{"count":0,"href":"https:\/\/immo.lecourrier.es\/index.php\/wp-json\/wp\/v2\/posts\/60707\/revisions"}],"wp:featuredmedia":[{"embeddable":true,"href":"https:\/\/immo.lecourrier.es\/index.php\/wp-json\/wp\/v2\/media\/46963"}],"wp:attachment":[{"href":"https:\/\/immo.lecourrier.es\/index.php\/wp-json\/wp\/v2\/media?parent=60707"}],"wp:term":[{"taxonomy":"category","embeddable":true,"href":"https:\/\/immo.lecourrier.es\/index.php\/wp-json\/wp\/v2\/categories?post=60707"},{"taxonomy":"post_tag","embeddable":true,"href":"https:\/\/immo.lecourrier.es\/index.php\/wp-json\/wp\/v2\/tags?post=60707"}],"curies":[{"name":"wp","href":"https:\/\/api.w.org\/{rel}","templated":true}]}}