{"id":60705,"date":"2024-07-06T20:20:05","date_gmt":"2024-07-06T20:20:05","guid":{"rendered":"https:\/\/immo.lecourrier.es\/index.php\/2024\/07\/06\/hilton-ouvrirait-3-ou-4-hotels-par-an-en-espagne\/"},"modified":"2026-03-04T14:40:51","modified_gmt":"2026-03-04T14:40:51","slug":"hilton-ouvrirait-3-ou-4-hotels-par-an-en-espagne","status":"publish","type":"post","link":"https:\/\/immo.lecourrier.es\/index.php\/2024\/07\/06\/hilton-ouvrirait-3-ou-4-hotels-par-an-en-espagne\/","title":{"rendered":"Hilton ouvrirait 3 ou 4 h\u00f4tels par an en Espagne"},"content":{"rendered":"<p>Hilton \u00e0 la conqu\u00eate de l&rsquo;Espagne ! Le deuxi\u00e8me groupe h\u00f4telier mondial\u00a0 pr\u00e9voit de s&rsquo;implanter en Espagne avec l&rsquo;ouverture de trois ou quatre \u00e9tablissements par an, selon cincodias.com. Ces \u00e9tablissements seraient alors des trois \u00e9toiles. L&rsquo;Europe est un continent cl\u00e9 pour la chaine, elle\u00a0 pr\u00e9voit de faire une grande campagne de recrutement dans tout le continent avec la construction d&rsquo;une multitude d&rsquo;h\u00f4tels.  &nbsp;  LCE  &nbsp;  &nbsp;<\/p>\n","protected":false},"excerpt":{"rendered":"<p>Hilton \u00e0 la conqu\u00eate de l&rsquo;Espagne ! Le deuxi\u00e8me groupe h\u00f4telier mondial\u00a0 pr\u00e9voit de s&rsquo;implanter en Espagne avec l&rsquo;ouverture de trois ou quatre \u00e9tablissements par an, selon cincodias.com. Ces \u00e9tablissements seraient alors des trois \u00e9toiles. L&rsquo;Europe est un continent cl\u00e9 pour la chaine, elle\u00a0 pr\u00e9voit de faire une grande campagne de recrutement dans tout le [&hellip;]<\/p>\n","protected":false},"author":462,"featured_media":0,"comment_status":"open","ping_status":"closed","sticky":false,"template":"","format":"standard","meta":{"om_disable_all_campaigns":false,"_monsterinsights_skip_tracking":false,"_monsterinsights_sitenote_active":false,"_monsterinsights_sitenote_note":"","_monsterinsights_sitenote_category":0,"_uf_show_specific_survey":0,"_uf_disable_surveys":false,"footnotes":""},"categories":[212],"tags":[],"class_list":["post-60705","post","type-post","status-publish","format-standard","hentry","category-breaking-news"],"acf":[],"_links":{"self":[{"href":"https:\/\/immo.lecourrier.es\/index.php\/wp-json\/wp\/v2\/posts\/60705","targetHints":{"allow":["GET"]}}],"collection":[{"href":"https:\/\/immo.lecourrier.es\/index.php\/wp-json\/wp\/v2\/posts"}],"about":[{"href":"https:\/\/immo.lecourrier.es\/index.php\/wp-json\/wp\/v2\/types\/post"}],"author":[{"embeddable":true,"href":"https:\/\/immo.lecourrier.es\/index.php\/wp-json\/wp\/v2\/users\/462"}],"replies":[{"embeddable":true,"href":"https:\/\/immo.lecourrier.es\/index.php\/wp-json\/wp\/v2\/comments?post=60705"}],"version-history":[{"count":0,"href":"https:\/\/immo.lecourrier.es\/index.php\/wp-json\/wp\/v2\/posts\/60705\/revisions"}],"wp:attachment":[{"href":"https:\/\/immo.lecourrier.es\/index.php\/wp-json\/wp\/v2\/media?parent=60705"}],"wp:term":[{"taxonomy":"category","embeddable":true,"href":"https:\/\/immo.lecourrier.es\/index.php\/wp-json\/wp\/v2\/categories?post=60705"},{"taxonomy":"post_tag","embeddable":true,"href":"https:\/\/immo.lecourrier.es\/index.php\/wp-json\/wp\/v2\/tags?post=60705"}],"curies":[{"name":"wp","href":"https:\/\/api.w.org\/{rel}","templated":true}]}}