{"id":60700,"date":"2024-07-06T20:10:10","date_gmt":"2024-07-06T20:10:10","guid":{"rendered":"https:\/\/immo.lecourrier.es\/index.php\/2024\/07\/06\/les-caraibes-une-destination-ideale-pour-les-hoteliers-espagnols\/"},"modified":"2026-03-04T14:35:46","modified_gmt":"2026-03-04T14:35:46","slug":"les-caraibes-une-destination-ideale-pour-les-hoteliers-espagnols","status":"publish","type":"post","link":"https:\/\/immo.lecourrier.es\/index.php\/2024\/07\/06\/les-caraibes-une-destination-ideale-pour-les-hoteliers-espagnols\/","title":{"rendered":"Les Caraibes, une destination id\u00e9ale pour les h\u00f4teliers espagnols"},"content":{"rendered":"<p><strong>Les Cara\u00efbes apparaissent \u00eatre une destination toujours aussi attractive pour les h\u00f4tels espagnols. Selon l&rsquo;\u00e9tude Banca March , les Espagnols doivent continuer d&rsquo;investir dans cette r\u00e9gion du monde, dans le secteur du tourisme. <\/strong>  Les Cara\u00efbes, une destination id\u00e9ale pour les h\u00f4teliers espagnols ! Les prix des chambres restent \u00e9lev\u00e9s dans cette r\u00e9gion du monde mais le personnel, lui, est beaucoup moins cher qu&rsquo;en Espagne. Avec son sable blanc, ses plages \u00e0 perte de vue, les touristes affluent du monde entier. Ainsi selon l&rsquo;\u00e9tude Banca March , un investissement aux Cara\u00efbes est amorti entre six et sept ans, au lieu de plus de dix ans dans beaucoup d&rsquo;autres pays. En terme de retour sur investissements, il est possible d&rsquo;atteindre les 14%.  Les Espagnols ne sont pas nouveaux aux Cara\u00efbes. Depuis les ann\u00e9es 1980, ils ont commenc\u00e9 \u00e0 s&rsquo;installer sur ces \u00eeles paradisiaques. Dans cette r\u00e9gion Cuba, la R\u00e9publique Dominicaine et Panama sont aussi des pays int\u00e9ressants pour investir dans le secteur touristique.  <strong>En M\u00e9diterran\u00e9e&#8230;<\/strong>  La Turquie, l&rsquo;Egypte, la Tunisie, le Maroc et la Croatie ont aussi un grand potentiel. Dans ces pays, tout est fait pour le tourisme et\u00a0 les prix sont rentables. Pour l&rsquo;h\u00f4telier,\u00a0 comme aux Cara\u00efbes,\u00a0 le personnel est moins cher qu&rsquo;en Espagne.  L\u00a0\u00bb\u00e9tude Banca March met aussi en valeur un autre point important l&rsquo;Espagne doit\u00a0 diversifier son offre pour le troisi\u00e8me \u00e2ge. En 2050, dans les pays d\u00e9velopp\u00e9s\u00a0les personnes ayant plus\u00a0de 60 ans\u00a0pourraient atteindre les 32% de la population.  &nbsp;  &nbsp;  C.d.S  &nbsp;<\/p>\n","protected":false},"excerpt":{"rendered":"<p>Les Cara\u00efbes apparaissent \u00eatre une destination toujours aussi attractive pour les h\u00f4tels espagnols. Selon l&rsquo;\u00e9tude Banca March , les Espagnols doivent continuer d&rsquo;investir dans cette r\u00e9gion du monde, dans le secteur du tourisme. Les Cara\u00efbes, une destination id\u00e9ale pour les h\u00f4teliers espagnols ! Les prix des chambres restent \u00e9lev\u00e9s dans cette r\u00e9gion du monde mais [&hellip;]<\/p>\n","protected":false},"author":462,"featured_media":46941,"comment_status":"open","ping_status":"closed","sticky":false,"template":"","format":"standard","meta":{"om_disable_all_campaigns":false,"_monsterinsights_skip_tracking":false,"_monsterinsights_sitenote_active":false,"_monsterinsights_sitenote_note":"","_monsterinsights_sitenote_category":0,"_uf_show_specific_survey":0,"_uf_disable_surveys":false,"footnotes":""},"categories":[212],"tags":[],"class_list":["post-60700","post","type-post","status-publish","format-standard","has-post-thumbnail","hentry","category-breaking-news"],"acf":[],"_links":{"self":[{"href":"https:\/\/immo.lecourrier.es\/index.php\/wp-json\/wp\/v2\/posts\/60700","targetHints":{"allow":["GET"]}}],"collection":[{"href":"https:\/\/immo.lecourrier.es\/index.php\/wp-json\/wp\/v2\/posts"}],"about":[{"href":"https:\/\/immo.lecourrier.es\/index.php\/wp-json\/wp\/v2\/types\/post"}],"author":[{"embeddable":true,"href":"https:\/\/immo.lecourrier.es\/index.php\/wp-json\/wp\/v2\/users\/462"}],"replies":[{"embeddable":true,"href":"https:\/\/immo.lecourrier.es\/index.php\/wp-json\/wp\/v2\/comments?post=60700"}],"version-history":[{"count":0,"href":"https:\/\/immo.lecourrier.es\/index.php\/wp-json\/wp\/v2\/posts\/60700\/revisions"}],"wp:featuredmedia":[{"embeddable":true,"href":"https:\/\/immo.lecourrier.es\/index.php\/wp-json\/wp\/v2\/media\/46941"}],"wp:attachment":[{"href":"https:\/\/immo.lecourrier.es\/index.php\/wp-json\/wp\/v2\/media?parent=60700"}],"wp:term":[{"taxonomy":"category","embeddable":true,"href":"https:\/\/immo.lecourrier.es\/index.php\/wp-json\/wp\/v2\/categories?post=60700"},{"taxonomy":"post_tag","embeddable":true,"href":"https:\/\/immo.lecourrier.es\/index.php\/wp-json\/wp\/v2\/tags?post=60700"}],"curies":[{"name":"wp","href":"https:\/\/api.w.org\/{rel}","templated":true}]}}