{"id":60693,"date":"2024-07-06T20:05:05","date_gmt":"2024-07-06T20:05:05","guid":{"rendered":"https:\/\/immo.lecourrier.es\/index.php\/2024\/07\/06\/le-train-espagnol-seduit-le-monde-entier\/"},"modified":"2026-03-04T14:28:44","modified_gmt":"2026-03-04T14:28:44","slug":"le-train-espagnol-seduit-le-monde-entier","status":"publish","type":"post","link":"https:\/\/immo.lecourrier.es\/index.php\/2024\/07\/06\/le-train-espagnol-seduit-le-monde-entier\/","title":{"rendered":"Le train espagnol s\u00e9duit le monde entier"},"content":{"rendered":"<p><strong>Le secteur ferroviaire espagnol exporte dans le monde entier. En 2011, selon l&rsquo;association des fabricants et des exportateurs de mat\u00e9riaux ferroviaires, l&rsquo;Espagne a export\u00e9 26% de plus en 2011. <\/strong>  Les mat\u00e9riaux ferroviaires espagnols sont export\u00e9s dans le monde entier! La France est le premier pays qui importe le plus de mat\u00e9riaux ferroviaires d&rsquo;origine espagnole. Puis l&rsquo;Italie, la Turquie, le Mexique, le Br\u00e9sil, l&rsquo;Allemagne, le Venezuela, le Royaume-Uni et le Chili sont aussi des grands importateurs de ces mat\u00e9riaux \u00ab\u00a0made in\u00a0\u00bb Espagne.  <strong>L&rsquo;AVE d\u00e9barque en Arabie Saoudite<\/strong>  Un projet ambitieux, le train \u00e0 grande vitesse espagnol arrive en Arabie Saoudite, il fera la liaison entre la Mecque et le M\u00e9dine. En Espagne, mercredi\u00a0 6 juin, Le Ministre des Transports, Jubarah bin Eid Al-Suraiseri, s&rsquo;est entretenu avec les entreprises qui font partie de ce projet. La compagnie ferroviaire Renfe et l&rsquo;op\u00e9rateur du r\u00e9seau de chemins de fer Adif sont \u00e0 la t\u00eate de ce consortium. Le contrat sign\u00e9 entre les deux pays est estim\u00e9 \u00e0 6,736 milliards d&rsquo;euros.\u00a0 En Arabie Saoudite, chaque ann\u00e9e,\u00a0 plus de\u00a02,5 millions p\u00e8lerins se rendent \u00e0 La Mecque.  &nbsp;  C.d.S  &nbsp;  &nbsp;<\/p>\n","protected":false},"excerpt":{"rendered":"<p>Le secteur ferroviaire espagnol exporte dans le monde entier. En 2011, selon l&rsquo;association des fabricants et des exportateurs de mat\u00e9riaux ferroviaires, l&rsquo;Espagne a export\u00e9 26% de plus en 2011. Les mat\u00e9riaux ferroviaires espagnols sont export\u00e9s dans le monde entier! La France est le premier pays qui importe le plus de mat\u00e9riaux ferroviaires d&rsquo;origine espagnole. Puis [&hellip;]<\/p>\n","protected":false},"author":462,"featured_media":45018,"comment_status":"open","ping_status":"closed","sticky":false,"template":"","format":"standard","meta":{"om_disable_all_campaigns":false,"_monsterinsights_skip_tracking":false,"_monsterinsights_sitenote_active":false,"_monsterinsights_sitenote_note":"","_monsterinsights_sitenote_category":0,"_uf_show_specific_survey":0,"_uf_disable_surveys":false,"footnotes":""},"categories":[212],"tags":[],"class_list":["post-60693","post","type-post","status-publish","format-standard","has-post-thumbnail","hentry","category-breaking-news"],"acf":[],"_links":{"self":[{"href":"https:\/\/immo.lecourrier.es\/index.php\/wp-json\/wp\/v2\/posts\/60693","targetHints":{"allow":["GET"]}}],"collection":[{"href":"https:\/\/immo.lecourrier.es\/index.php\/wp-json\/wp\/v2\/posts"}],"about":[{"href":"https:\/\/immo.lecourrier.es\/index.php\/wp-json\/wp\/v2\/types\/post"}],"author":[{"embeddable":true,"href":"https:\/\/immo.lecourrier.es\/index.php\/wp-json\/wp\/v2\/users\/462"}],"replies":[{"embeddable":true,"href":"https:\/\/immo.lecourrier.es\/index.php\/wp-json\/wp\/v2\/comments?post=60693"}],"version-history":[{"count":0,"href":"https:\/\/immo.lecourrier.es\/index.php\/wp-json\/wp\/v2\/posts\/60693\/revisions"}],"wp:featuredmedia":[{"embeddable":true,"href":"https:\/\/immo.lecourrier.es\/index.php\/wp-json\/wp\/v2\/media\/45018"}],"wp:attachment":[{"href":"https:\/\/immo.lecourrier.es\/index.php\/wp-json\/wp\/v2\/media?parent=60693"}],"wp:term":[{"taxonomy":"category","embeddable":true,"href":"https:\/\/immo.lecourrier.es\/index.php\/wp-json\/wp\/v2\/categories?post=60693"},{"taxonomy":"post_tag","embeddable":true,"href":"https:\/\/immo.lecourrier.es\/index.php\/wp-json\/wp\/v2\/tags?post=60693"}],"curies":[{"name":"wp","href":"https:\/\/api.w.org\/{rel}","templated":true}]}}