{"id":60691,"date":"2024-07-06T20:05:03","date_gmt":"2024-07-06T20:05:03","guid":{"rendered":"https:\/\/immo.lecourrier.es\/index.php\/2024\/07\/06\/un-nouvel-investissement-espagnol-au-mexique\/"},"modified":"2026-03-04T14:26:13","modified_gmt":"2026-03-04T14:26:13","slug":"un-nouvel-investissement-espagnol-au-mexique","status":"publish","type":"post","link":"https:\/\/immo.lecourrier.es\/index.php\/2024\/07\/06\/un-nouvel-investissement-espagnol-au-mexique\/","title":{"rendered":"Un nouvel investissement espagnol au Mexique"},"content":{"rendered":"<p>Le groupe Iberostar a investi 80 millions d\u2019euros dans un h\u00f4tel au Mexique. Il s\u2019agit d\u2019un h\u00f4tel 5 \u00e9toiles de 450 chambres. Cet \u00e9tablissement permettra la cr\u00e9ation de 4.500 emplois. On pr\u00e9voit le d\u00e9but de l\u2019activit\u00e9 h\u00f4teli\u00e8re fin 2013.  LCE  &nbsp;<\/p>\n","protected":false},"excerpt":{"rendered":"<p>Le groupe Iberostar a investi 80 millions d\u2019euros dans un h\u00f4tel au Mexique. Il s\u2019agit d\u2019un h\u00f4tel 5 \u00e9toiles de 450 chambres. Cet \u00e9tablissement permettra la cr\u00e9ation de 4.500 emplois. On pr\u00e9voit le d\u00e9but de l\u2019activit\u00e9 h\u00f4teli\u00e8re fin 2013. LCE &nbsp;<\/p>\n","protected":false},"author":462,"featured_media":0,"comment_status":"open","ping_status":"closed","sticky":false,"template":"","format":"standard","meta":{"om_disable_all_campaigns":false,"_monsterinsights_skip_tracking":false,"_monsterinsights_sitenote_active":false,"_monsterinsights_sitenote_note":"","_monsterinsights_sitenote_category":0,"_uf_show_specific_survey":0,"_uf_disable_surveys":false,"footnotes":""},"categories":[212],"tags":[],"class_list":["post-60691","post","type-post","status-publish","format-standard","hentry","category-breaking-news"],"acf":[],"_links":{"self":[{"href":"https:\/\/immo.lecourrier.es\/index.php\/wp-json\/wp\/v2\/posts\/60691","targetHints":{"allow":["GET"]}}],"collection":[{"href":"https:\/\/immo.lecourrier.es\/index.php\/wp-json\/wp\/v2\/posts"}],"about":[{"href":"https:\/\/immo.lecourrier.es\/index.php\/wp-json\/wp\/v2\/types\/post"}],"author":[{"embeddable":true,"href":"https:\/\/immo.lecourrier.es\/index.php\/wp-json\/wp\/v2\/users\/462"}],"replies":[{"embeddable":true,"href":"https:\/\/immo.lecourrier.es\/index.php\/wp-json\/wp\/v2\/comments?post=60691"}],"version-history":[{"count":0,"href":"https:\/\/immo.lecourrier.es\/index.php\/wp-json\/wp\/v2\/posts\/60691\/revisions"}],"wp:attachment":[{"href":"https:\/\/immo.lecourrier.es\/index.php\/wp-json\/wp\/v2\/media?parent=60691"}],"wp:term":[{"taxonomy":"category","embeddable":true,"href":"https:\/\/immo.lecourrier.es\/index.php\/wp-json\/wp\/v2\/categories?post=60691"},{"taxonomy":"post_tag","embeddable":true,"href":"https:\/\/immo.lecourrier.es\/index.php\/wp-json\/wp\/v2\/tags?post=60691"}],"curies":[{"name":"wp","href":"https:\/\/api.w.org\/{rel}","templated":true}]}}