{"id":60690,"date":"2024-07-06T20:00:13","date_gmt":"2024-07-06T20:00:13","guid":{"rendered":"https:\/\/immo.lecourrier.es\/index.php\/2024\/07\/06\/universites-espagnoles-parmi-les-plus-cheres-deurope\/"},"modified":"2026-03-04T14:26:09","modified_gmt":"2026-03-04T14:26:09","slug":"universites-espagnoles-parmi-les-plus-cheres-deurope","status":"publish","type":"post","link":"https:\/\/immo.lecourrier.es\/index.php\/2024\/07\/06\/universites-espagnoles-parmi-les-plus-cheres-deurope\/","title":{"rendered":"Universit\u00e9s espagnoles, parmi les plus ch\u00e8res d&rsquo;Europe"},"content":{"rendered":"<p><strong>En Europe, l&rsquo;Espagne fait partie des six pays les plus chers pour \u00e9tudier \u00e0 l&rsquo;universit\u00e9 publique, selon l&rsquo;analyse r\u00e9alis\u00e9e par L&rsquo;Observatoire du Syst\u00e8me Universitaire. Cette \u00e9tude<\/strong>\u00a0<strong>f\u00fbt pr\u00e9sent\u00e9e lors d&rsquo;une conf\u00e9rence de presse \u00e0 l&rsquo;Universit\u00e9 de Barcelone, ce mercredi 6 juin. <\/strong>  &nbsp;  Les \u00e9tudiants espagnols ont financ\u00e9, en moyenne, 19 \u00e0 20 % du co\u00fbt de\u00a0leurs\u00a0\u00e9tudes universitaires lors de l&rsquo;ann\u00e9e scolaire 2008-2009, selon l&rsquo;analyse r\u00e9alis\u00e9e par L&rsquo;Observatoire du Syst\u00e8me Universitaire. Un pourcentage \u00e9lev\u00e9 en comparaison avec les autres pays d&rsquo;Europe. En effet,\u00a0les universit\u00e9s du Danemark, d&rsquo;Islande, de Norv\u00e8ge, de R\u00e9publique Tch\u00e8que, de Finlande ou encore de Su\u00e8de offrent\u00a0des \u00e9tudes gratuites \u00e0 leurs \u00e9l\u00e8ves. Au cours de l&rsquo;ann\u00e9e 2008-2009, en moyenne un \u00e9tudiant fran\u00e7ais payait 240 euros son ann\u00e9e scolaire. Mais l&rsquo;Espagne n&rsquo;est pas le seul pays \u00e0 proposer des \u00e9tudes ch\u00e8res : le Portugal, l&rsquo;Italie, l&rsquo;Angleterre et l&rsquo;Irlande aussi.  Selon les r\u00e9gions d&rsquo;Espagne, les \u00e9tudiants contribuent plus ou moins au co\u00fbt de leur \u00e9tudes: Madrid (22,71%) , Andalousie (20,91%), Bal\u00e9ares (24,65%), le Pays Basque (17,02%), la Rioja (17,11%). Castilla-Le\u00f3n (20,15%), Extremadura (29,92 %), )&#8230; Suite aux r\u00e9formes du gouvernement,\u00a0 l&rsquo;inscription aux universit\u00e9s espagnoles publiques augmentera son prix\u00a0l&rsquo;ann\u00e9e prochaine.  &nbsp;  &nbsp;  C.d.S  &nbsp;  &nbsp;  &nbsp;  &nbsp;<\/p>\n","protected":false},"excerpt":{"rendered":"<p>En Europe, l&rsquo;Espagne fait partie des six pays les plus chers pour \u00e9tudier \u00e0 l&rsquo;universit\u00e9 publique, selon l&rsquo;analyse r\u00e9alis\u00e9e par L&rsquo;Observatoire du Syst\u00e8me Universitaire. Cette \u00e9tude\u00a0f\u00fbt pr\u00e9sent\u00e9e lors d&rsquo;une conf\u00e9rence de presse \u00e0 l&rsquo;Universit\u00e9 de Barcelone, ce mercredi 6 juin. &nbsp; Les \u00e9tudiants espagnols ont financ\u00e9, en moyenne, 19 \u00e0 20 % du co\u00fbt de\u00a0leurs\u00a0\u00e9tudes [&hellip;]<\/p>\n","protected":false},"author":462,"featured_media":46909,"comment_status":"open","ping_status":"closed","sticky":false,"template":"","format":"standard","meta":{"om_disable_all_campaigns":false,"_monsterinsights_skip_tracking":false,"_monsterinsights_sitenote_active":false,"_monsterinsights_sitenote_note":"","_monsterinsights_sitenote_category":0,"_uf_show_specific_survey":0,"_uf_disable_surveys":false,"footnotes":""},"categories":[212],"tags":[],"class_list":["post-60690","post","type-post","status-publish","format-standard","has-post-thumbnail","hentry","category-breaking-news"],"acf":[],"_links":{"self":[{"href":"https:\/\/immo.lecourrier.es\/index.php\/wp-json\/wp\/v2\/posts\/60690","targetHints":{"allow":["GET"]}}],"collection":[{"href":"https:\/\/immo.lecourrier.es\/index.php\/wp-json\/wp\/v2\/posts"}],"about":[{"href":"https:\/\/immo.lecourrier.es\/index.php\/wp-json\/wp\/v2\/types\/post"}],"author":[{"embeddable":true,"href":"https:\/\/immo.lecourrier.es\/index.php\/wp-json\/wp\/v2\/users\/462"}],"replies":[{"embeddable":true,"href":"https:\/\/immo.lecourrier.es\/index.php\/wp-json\/wp\/v2\/comments?post=60690"}],"version-history":[{"count":0,"href":"https:\/\/immo.lecourrier.es\/index.php\/wp-json\/wp\/v2\/posts\/60690\/revisions"}],"wp:featuredmedia":[{"embeddable":true,"href":"https:\/\/immo.lecourrier.es\/index.php\/wp-json\/wp\/v2\/media\/46909"}],"wp:attachment":[{"href":"https:\/\/immo.lecourrier.es\/index.php\/wp-json\/wp\/v2\/media?parent=60690"}],"wp:term":[{"taxonomy":"category","embeddable":true,"href":"https:\/\/immo.lecourrier.es\/index.php\/wp-json\/wp\/v2\/categories?post=60690"},{"taxonomy":"post_tag","embeddable":true,"href":"https:\/\/immo.lecourrier.es\/index.php\/wp-json\/wp\/v2\/tags?post=60690"}],"curies":[{"name":"wp","href":"https:\/\/api.w.org\/{rel}","templated":true}]}}