{"id":60689,"date":"2024-07-06T20:00:11","date_gmt":"2024-07-06T20:00:11","guid":{"rendered":"https:\/\/immo.lecourrier.es\/index.php\/2024\/07\/06\/espagne-le-prix-du-logement-chute-de-841-au-mois-de-mai\/"},"modified":"2026-03-04T14:26:04","modified_gmt":"2026-03-04T14:26:04","slug":"espagne-le-prix-du-logement-chute-de-841-au-mois-de-mai","status":"publish","type":"post","link":"https:\/\/immo.lecourrier.es\/index.php\/2024\/07\/06\/espagne-le-prix-du-logement-chute-de-841-au-mois-de-mai\/","title":{"rendered":"Espagne : le prix du logement chute de 8,41% au mois de mai"},"content":{"rendered":"<p><strong>Le prix du logement a chut\u00e9 de 8,41% au mois de mai en comparaison avec le m\u00eame mois de l&rsquo;ann\u00e9e 2011, selon un rapport publi\u00e9 par Piso.com.  <\/strong>En Espagne, le prix du logement a baiss\u00e9 en comparaison avec 2011, selon le rapport de Piso.com. Un ph\u00e9nom\u00e8ne qui touche toutes les r\u00e9gions du pays. Actuellement le prix moyen du m\u00e8tre est de 2 024 euros en Espagne. Il conna\u00eet aussi une baisse en comparaison\u00a0 avec le mois d&rsquo;avril, de 1,6%. Le Pays Basque et Cantabrie ont des prix plus \u00e9lev\u00e9s que la moyenne, de\u00a0 3 630 et de 2 323 euros le m\u00e8tre carr\u00e9.  Le prix du logement \u00e0 madrid a chut\u00e9 de 6,6% au mois de mai en comparaison avec le m\u00eame mois de l&rsquo;ann\u00e9e 2011. Le m\u00e8tre carr\u00e9, dans la capitale, est de 2 580 euros. Les r\u00e9gions qui ont enregistr\u00e9 la plus grande baisse du prix de leurs logements sont\u00a0 Arag\u00f3n (-13,97%), Castilla La Mancha(12,94%)et Melilla (-12,80 %).  <strong>La r\u00e9gion d&rsquo;Extramadure voit ses prix augmenter depuis avril<\/strong>  La plus grande augmentation d&rsquo;Espagne ! L&rsquo;autonomie d&rsquo;Extramadure, conna\u00eet le sort inverse, avec l&rsquo;augmentation du prix des logements de\u00a0 2,19 % dans la r\u00e9gion en comparaison avec le mois d&rsquo;avril dernier.\u00a0 Le prix moyen de son m\u00e8tre carr\u00e9 est de 1 425 euros , soit une baisse de 8,11% par rapport au m\u00eame mois de l&rsquo;ann\u00e9e 2011. L&rsquo;Espagne d\u00e9tient un grand nombre de logements \u00e0 vendre, aux prix d\u00e9fiant toute concurrence&#8230;  &nbsp;  C.d.S  &nbsp;  &nbsp;  &nbsp;  &nbsp;  &nbsp;  &nbsp;  &nbsp;<\/p>\n","protected":false},"excerpt":{"rendered":"<p>Le prix du logement a chut\u00e9 de 8,41% au mois de mai en comparaison avec le m\u00eame mois de l&rsquo;ann\u00e9e 2011, selon un rapport publi\u00e9 par Piso.com. En Espagne, le prix du logement a baiss\u00e9 en comparaison avec 2011, selon le rapport de Piso.com. Un ph\u00e9nom\u00e8ne qui touche toutes les r\u00e9gions du pays. Actuellement le [&hellip;]<\/p>\n","protected":false},"author":462,"featured_media":46905,"comment_status":"open","ping_status":"closed","sticky":false,"template":"","format":"standard","meta":{"om_disable_all_campaigns":false,"_monsterinsights_skip_tracking":false,"_monsterinsights_sitenote_active":false,"_monsterinsights_sitenote_note":"","_monsterinsights_sitenote_category":0,"_uf_show_specific_survey":0,"_uf_disable_surveys":false,"footnotes":""},"categories":[212],"tags":[],"class_list":["post-60689","post","type-post","status-publish","format-standard","has-post-thumbnail","hentry","category-breaking-news"],"acf":[],"_links":{"self":[{"href":"https:\/\/immo.lecourrier.es\/index.php\/wp-json\/wp\/v2\/posts\/60689","targetHints":{"allow":["GET"]}}],"collection":[{"href":"https:\/\/immo.lecourrier.es\/index.php\/wp-json\/wp\/v2\/posts"}],"about":[{"href":"https:\/\/immo.lecourrier.es\/index.php\/wp-json\/wp\/v2\/types\/post"}],"author":[{"embeddable":true,"href":"https:\/\/immo.lecourrier.es\/index.php\/wp-json\/wp\/v2\/users\/462"}],"replies":[{"embeddable":true,"href":"https:\/\/immo.lecourrier.es\/index.php\/wp-json\/wp\/v2\/comments?post=60689"}],"version-history":[{"count":0,"href":"https:\/\/immo.lecourrier.es\/index.php\/wp-json\/wp\/v2\/posts\/60689\/revisions"}],"wp:featuredmedia":[{"embeddable":true,"href":"https:\/\/immo.lecourrier.es\/index.php\/wp-json\/wp\/v2\/media\/46905"}],"wp:attachment":[{"href":"https:\/\/immo.lecourrier.es\/index.php\/wp-json\/wp\/v2\/media?parent=60689"}],"wp:term":[{"taxonomy":"category","embeddable":true,"href":"https:\/\/immo.lecourrier.es\/index.php\/wp-json\/wp\/v2\/categories?post=60689"},{"taxonomy":"post_tag","embeddable":true,"href":"https:\/\/immo.lecourrier.es\/index.php\/wp-json\/wp\/v2\/tags?post=60689"}],"curies":[{"name":"wp","href":"https:\/\/api.w.org\/{rel}","templated":true}]}}