{"id":60688,"date":"2024-07-06T20:00:10","date_gmt":"2024-07-06T20:00:10","guid":{"rendered":"https:\/\/immo.lecourrier.es\/index.php\/2024\/07\/06\/espagne-40-millions-deuros-daide-pour-les-jeunes-entrepreneurs-de-pme\/"},"modified":"2026-03-04T14:25:51","modified_gmt":"2026-03-04T14:25:51","slug":"espagne-40-millions-deuros-daide-pour-les-jeunes-entrepreneurs-de-pme","status":"publish","type":"post","link":"https:\/\/immo.lecourrier.es\/index.php\/2024\/07\/06\/espagne-40-millions-deuros-daide-pour-les-jeunes-entrepreneurs-de-pme\/","title":{"rendered":"Espagne : 40 millions d&rsquo;euros d&rsquo;aide pour les jeunes entrepreneurs de PME"},"content":{"rendered":"<p><strong>Le gouvernement souhaite mobiliser un fond de 40 millions d&rsquo;euros, via le financement d&rsquo;Enisa. La loi des entrepreneurs donne une <\/strong><strong>seconde chance \u00e0 ces professionnels autonomes. <\/strong> Baptis\u00e9 &lsquo;Spain Startup Investment Fund&rsquo;, ce projet permettra aux entrepreneurs qui ont connu un premier \u00e9chec de se lib\u00e9rer d&rsquo;une partie de leurs charges afin de se focaliser sur de nouveaux projets. Le gouvernement souhaite appuyer ces jeunes cr\u00e9ateurs, professionnels. Ainsi, l&rsquo;entreprise publique du Minist\u00e8re de l&rsquo;Industrie, Enisa, cofinancera certaines de ces jeunes entreprises via des cr\u00e9dits participatifs. Elle apporte au total un fond de 40 millions d&rsquo;euros. Cette aide concerne les entrepreneurs qui ont connu des difficult\u00e9s \u00ab\u00a0dues \u00e0 la conjoncture actuelle et non \u00e0 cause d&rsquo;eux \u00a0\u00bb d\u00e9clare Soraya S\u00e1enz de Santamar\u00eda, la Vice-pr\u00e9sidente du Gouvernement espagnol. Elle souligne que l&rsquo;Espagne est en train de \u00a0\u00bb pr\u00e9parer le terrain \u00a0\u00bb afin de sortir de la crise et que les entrepreneurs ont un r\u00f4le \u00ab\u00a0essentiel\u00a0\u00bb dans cette d\u00e9marche. Elle a aussi rappel\u00e9 l&rsquo;importance de se tourner vers les march\u00e9s ext\u00e9rieurs, l&rsquo;importance d&rsquo;exporter.  Cette loi comprend plusieurs mesures phares. Parmi elles, les entrepreneurs concern\u00e9s pourraient recevoir une aide mensuelle d&rsquo;environ 641 euros qui correspond au salaire minimum en Espagne. Antonio Tajani, le Vice-pr\u00e9sident de la Commission Europ\u00e9enne a rappel\u00e9 que \u00ab\u00a040 % des Espagnols pr\u00e9f\u00e9reraient \u00eatre entrepreneurs que salari\u00e9s\u00a0\u00bb, en Chine, ils sont 70%. En Europe, il existe plus de 23 millions de PME. Via cette loi, le gouvernement r\u00e9affirme son envie d&rsquo;appuyer les entrepreneurs d&rsquo;Espagne. <\/p>\n<div><\/div>\n<div>C.d.S<\/div>\n<p> &nbsp;<\/p>\n","protected":false},"excerpt":{"rendered":"<p>Le gouvernement souhaite mobiliser un fond de 40 millions d&rsquo;euros, via le financement d&rsquo;Enisa. La loi des entrepreneurs donne une seconde chance \u00e0 ces professionnels autonomes. Baptis\u00e9 &lsquo;Spain Startup Investment Fund&rsquo;, ce projet permettra aux entrepreneurs qui ont connu un premier \u00e9chec de se lib\u00e9rer d&rsquo;une partie de leurs charges afin de se focaliser sur [&hellip;]<\/p>\n","protected":false},"author":462,"featured_media":46901,"comment_status":"open","ping_status":"closed","sticky":false,"template":"","format":"standard","meta":{"om_disable_all_campaigns":false,"_monsterinsights_skip_tracking":false,"_monsterinsights_sitenote_active":false,"_monsterinsights_sitenote_note":"","_monsterinsights_sitenote_category":0,"_uf_show_specific_survey":0,"_uf_disable_surveys":false,"footnotes":""},"categories":[212],"tags":[],"class_list":["post-60688","post","type-post","status-publish","format-standard","has-post-thumbnail","hentry","category-breaking-news"],"acf":[],"_links":{"self":[{"href":"https:\/\/immo.lecourrier.es\/index.php\/wp-json\/wp\/v2\/posts\/60688","targetHints":{"allow":["GET"]}}],"collection":[{"href":"https:\/\/immo.lecourrier.es\/index.php\/wp-json\/wp\/v2\/posts"}],"about":[{"href":"https:\/\/immo.lecourrier.es\/index.php\/wp-json\/wp\/v2\/types\/post"}],"author":[{"embeddable":true,"href":"https:\/\/immo.lecourrier.es\/index.php\/wp-json\/wp\/v2\/users\/462"}],"replies":[{"embeddable":true,"href":"https:\/\/immo.lecourrier.es\/index.php\/wp-json\/wp\/v2\/comments?post=60688"}],"version-history":[{"count":0,"href":"https:\/\/immo.lecourrier.es\/index.php\/wp-json\/wp\/v2\/posts\/60688\/revisions"}],"wp:featuredmedia":[{"embeddable":true,"href":"https:\/\/immo.lecourrier.es\/index.php\/wp-json\/wp\/v2\/media\/46901"}],"wp:attachment":[{"href":"https:\/\/immo.lecourrier.es\/index.php\/wp-json\/wp\/v2\/media?parent=60688"}],"wp:term":[{"taxonomy":"category","embeddable":true,"href":"https:\/\/immo.lecourrier.es\/index.php\/wp-json\/wp\/v2\/categories?post=60688"},{"taxonomy":"post_tag","embeddable":true,"href":"https:\/\/immo.lecourrier.es\/index.php\/wp-json\/wp\/v2\/tags?post=60688"}],"curies":[{"name":"wp","href":"https:\/\/api.w.org\/{rel}","templated":true}]}}