{"id":60681,"date":"2024-07-06T19:50:11","date_gmt":"2024-07-06T19:50:11","guid":{"rendered":"https:\/\/immo.lecourrier.es\/index.php\/2024\/07\/06\/les-nouveaux-charmes-du-tourisme-daffaires-francais\/"},"modified":"2026-03-04T14:13:15","modified_gmt":"2026-03-04T14:13:15","slug":"les-nouveaux-charmes-du-tourisme-daffaires-francais","status":"publish","type":"post","link":"https:\/\/immo.lecourrier.es\/index.php\/2024\/07\/06\/les-nouveaux-charmes-du-tourisme-daffaires-francais\/","title":{"rendered":"Les nouveaux charmes du tourisme d&rsquo;affaires fran\u00e7ais"},"content":{"rendered":"<p><strong>Hier soir, Atout France a organis\u00e9 un workshop Casa de Velazquez, endroit embl\u00e9matique, qui a accueilli diff\u00e9rentes r\u00e9gions fran\u00e7aises comme Bordeaux ou Toulouse afin de promouvoir le tourisme d&rsquo;affaires fran\u00e7ais.<\/strong>  &nbsp;  En effet, si Toulouse a fait l&rsquo;objet de nombreux articles l&rsquo;an pass\u00e9 car Vueling y a ouvert une plate-forme, Bordeaux est moins connu par les Espagnols. Le d\u00e9veloppement des lignes r\u00e9gionales entre la France et l&rsquo;Espagne et surtout entre les villes de province repr\u00e9sente un formidable essor et de nouvelles opportunit\u00e9s pour le tourisme d&rsquo;affaires des deux pays. Vueling vient d&rsquo;inaugurer par exemple Barcelone-Nantes. Une \u00e9tude r\u00e9cente a d\u00e9montr\u00e9 que l&rsquo;ouverture d&rsquo;une ligne a\u00e9rienne reliant une capitale \u00e0 une ville de province peut apporter dans l&rsquo;ann\u00e9e qui suit jusqu&rsquo;\u00e0 4.000 r\u00e9sidents dans la ville de province.  La crise espagnole est aussi l&rsquo;occasion pour de nombreuses soci\u00e9t\u00e9s de diversifier leurs conventions et leurs voyages d&rsquo;affaires. La France \u00e9tant de plus en plus accessible gr\u00e2ces \u00e0 ses infrastructures, il peut \u00eatre moins on\u00e9reux pour une entreprise espagnole bas\u00e9e \u00e0 Madrid d&#8217;emmener 50 salari\u00e9s \u00e0 Bordeaux ou \u00e0 Toulouse qu&rsquo;\u00e0 Barcelone sachant que l&rsquo;aller-retour en low cost repr\u00e9sente un co\u00fbt par salari\u00e9 de 30 euros et que l&rsquo;AVE Madrid-Barcelone en demande 180.  &nbsp;  PC  &nbsp;  &nbsp;<\/p>\n","protected":false},"excerpt":{"rendered":"<p>Hier soir, Atout France a organis\u00e9 un workshop Casa de Velazquez, endroit embl\u00e9matique, qui a accueilli diff\u00e9rentes r\u00e9gions fran\u00e7aises comme Bordeaux ou Toulouse afin de promouvoir le tourisme d&rsquo;affaires fran\u00e7ais. &nbsp; En effet, si Toulouse a fait l&rsquo;objet de nombreux articles l&rsquo;an pass\u00e9 car Vueling y a ouvert une plate-forme, Bordeaux est moins connu par [&hellip;]<\/p>\n","protected":false},"author":462,"featured_media":46873,"comment_status":"open","ping_status":"closed","sticky":false,"template":"","format":"standard","meta":{"om_disable_all_campaigns":false,"_monsterinsights_skip_tracking":false,"_monsterinsights_sitenote_active":false,"_monsterinsights_sitenote_note":"","_monsterinsights_sitenote_category":0,"_uf_show_specific_survey":0,"_uf_disable_surveys":false,"footnotes":""},"categories":[212],"tags":[],"class_list":["post-60681","post","type-post","status-publish","format-standard","has-post-thumbnail","hentry","category-breaking-news"],"acf":[],"_links":{"self":[{"href":"https:\/\/immo.lecourrier.es\/index.php\/wp-json\/wp\/v2\/posts\/60681","targetHints":{"allow":["GET"]}}],"collection":[{"href":"https:\/\/immo.lecourrier.es\/index.php\/wp-json\/wp\/v2\/posts"}],"about":[{"href":"https:\/\/immo.lecourrier.es\/index.php\/wp-json\/wp\/v2\/types\/post"}],"author":[{"embeddable":true,"href":"https:\/\/immo.lecourrier.es\/index.php\/wp-json\/wp\/v2\/users\/462"}],"replies":[{"embeddable":true,"href":"https:\/\/immo.lecourrier.es\/index.php\/wp-json\/wp\/v2\/comments?post=60681"}],"version-history":[{"count":0,"href":"https:\/\/immo.lecourrier.es\/index.php\/wp-json\/wp\/v2\/posts\/60681\/revisions"}],"wp:featuredmedia":[{"embeddable":true,"href":"https:\/\/immo.lecourrier.es\/index.php\/wp-json\/wp\/v2\/media\/46873"}],"wp:attachment":[{"href":"https:\/\/immo.lecourrier.es\/index.php\/wp-json\/wp\/v2\/media?parent=60681"}],"wp:term":[{"taxonomy":"category","embeddable":true,"href":"https:\/\/immo.lecourrier.es\/index.php\/wp-json\/wp\/v2\/categories?post=60681"},{"taxonomy":"post_tag","embeddable":true,"href":"https:\/\/immo.lecourrier.es\/index.php\/wp-json\/wp\/v2\/tags?post=60681"}],"curies":[{"name":"wp","href":"https:\/\/api.w.org\/{rel}","templated":true}]}}