{"id":60525,"date":"2024-07-06T08:20:07","date_gmt":"2024-07-06T08:20:07","guid":{"rendered":"https:\/\/immo.lecourrier.es\/index.php\/2024\/07\/06\/fcc-negocie-la-vente-de-logements-a-blackstone-group\/"},"modified":"2026-03-04T01:41:25","modified_gmt":"2026-03-04T01:41:25","slug":"fcc-negocie-la-vente-de-logements-a-blackstone-group","status":"publish","type":"post","link":"https:\/\/immo.lecourrier.es\/index.php\/2024\/07\/06\/fcc-negocie-la-vente-de-logements-a-blackstone-group\/","title":{"rendered":"FCC n\u00e9gocie la vente de logements \u00e0 Blackstone Group"},"content":{"rendered":"<p>Nouveau signe de l&rsquo;int\u00e9r\u00eat croissant des investisseurs \u00e9trangers dans le secteur immobilier espagnol, FCC (Fomento de Construcciones y Contratas, le leader espagnol dans la construction et les services urbains<span style=\"color: #000000\"><span style=\"font-family: Helvetica, sans-serif\"><span style=\"font-size: medium\">)<\/span><\/span><\/span> n\u00e9gocie la vente de logements espagnols au fond am\u00e9ricain Blackstone Group. Comme l&rsquo;explique l&rsquo;agence de presse EFE, qui s&rsquo;appuie sur des sources proches du dossier, les logements sont situ\u00e9s dans la ville de Tres Cantos (Communaut\u00e9 de Madrid) . Preuve de l&rsquo;arriv\u00e9es des investisseurs am\u00e9ricains, \u00e0 l&rsquo;image de Bill Gates, qui a rachet\u00e9 &#8230; FCC, justement, ou encore du rachat du fabricant espagnol de fer blanc Mivisa par le groupe industriel am\u00e9ricain Crown Holdings pour pr\u00e8s d&rsquo;1,2 milliards. Ce qui est actuellement per\u00e7u par les experts comme le signe que quelque chose est en train de changer dans l&rsquo;\u00e9conomie espagnole.  <b>Des investissements qui devraient s&rsquo;accentuer<\/b>  Les fonds internationaux seraient pr\u00eats \u00e0 investir l&rsquo;ann\u00e9e prochaine jusqu&rsquo;\u00e0 14 milliards d&rsquo;euros dans le secteur de l&rsquo; immobilier espagnol, selon une \u00e9tude r\u00e9alis\u00e9e par le cabinet Knight Frank. L&rsquo;enqu\u00eate place d&rsquo;ailleurs l&rsquo;Espagne comme l&rsquo;un des principaux objectifs des investisseurs dans l&rsquo;Union europ\u00e9enne. Et selon les donn\u00e9es du Conseil g\u00e9n\u00e9ral du notariat , la vente de maisons faites par des \u00e9trangers en Espagne a augment\u00e9 de 13,6% depuis juin . Dans une r\u00e9cente conf\u00e9rence organis\u00e9e par l&rsquo;Association des Consultants Immobilier ( ACI) , de nombreux experts de l&rsquo;immobilier se sont d&rsquo;ailleurs accord\u00e9s\u00a0pour dire que le secteur immobilier espagnol est en pleine mutation, symbolis\u00e9, donc, par l&rsquo;arriv\u00e9e de ces investisseurs.<\/p>\n","protected":false},"excerpt":{"rendered":"<p>Nouveau signe de l&rsquo;int\u00e9r\u00eat croissant des investisseurs \u00e9trangers dans le secteur immobilier espagnol, FCC (Fomento de Construcciones y Contratas, le leader espagnol dans la construction et les services urbains) n\u00e9gocie la vente de logements espagnols au fond am\u00e9ricain Blackstone Group. Comme l&rsquo;explique l&rsquo;agence de presse EFE, qui s&rsquo;appuie sur des sources proches du dossier, les [&hellip;]<\/p>\n","protected":false},"author":462,"featured_media":44479,"comment_status":"open","ping_status":"closed","sticky":false,"template":"","format":"standard","meta":{"om_disable_all_campaigns":false,"_monsterinsights_skip_tracking":false,"_monsterinsights_sitenote_active":false,"_monsterinsights_sitenote_note":"","_monsterinsights_sitenote_category":0,"_uf_show_specific_survey":0,"_uf_disable_surveys":false,"footnotes":""},"categories":[212],"tags":[],"class_list":["post-60525","post","type-post","status-publish","format-standard","has-post-thumbnail","hentry","category-breaking-news"],"acf":[],"_links":{"self":[{"href":"https:\/\/immo.lecourrier.es\/index.php\/wp-json\/wp\/v2\/posts\/60525","targetHints":{"allow":["GET"]}}],"collection":[{"href":"https:\/\/immo.lecourrier.es\/index.php\/wp-json\/wp\/v2\/posts"}],"about":[{"href":"https:\/\/immo.lecourrier.es\/index.php\/wp-json\/wp\/v2\/types\/post"}],"author":[{"embeddable":true,"href":"https:\/\/immo.lecourrier.es\/index.php\/wp-json\/wp\/v2\/users\/462"}],"replies":[{"embeddable":true,"href":"https:\/\/immo.lecourrier.es\/index.php\/wp-json\/wp\/v2\/comments?post=60525"}],"version-history":[{"count":0,"href":"https:\/\/immo.lecourrier.es\/index.php\/wp-json\/wp\/v2\/posts\/60525\/revisions"}],"wp:featuredmedia":[{"embeddable":true,"href":"https:\/\/immo.lecourrier.es\/index.php\/wp-json\/wp\/v2\/media\/44479"}],"wp:attachment":[{"href":"https:\/\/immo.lecourrier.es\/index.php\/wp-json\/wp\/v2\/media?parent=60525"}],"wp:term":[{"taxonomy":"category","embeddable":true,"href":"https:\/\/immo.lecourrier.es\/index.php\/wp-json\/wp\/v2\/categories?post=60525"},{"taxonomy":"post_tag","embeddable":true,"href":"https:\/\/immo.lecourrier.es\/index.php\/wp-json\/wp\/v2\/tags?post=60525"}],"curies":[{"name":"wp","href":"https:\/\/api.w.org\/{rel}","templated":true}]}}