{"id":60522,"date":"2024-07-06T07:55:07","date_gmt":"2024-07-06T07:55:07","guid":{"rendered":"https:\/\/immo.lecourrier.es\/index.php\/2024\/07\/06\/marbella-dit-stop-a-la-betonisation\/"},"modified":"2026-03-04T01:17:39","modified_gmt":"2026-03-04T01:17:39","slug":"marbella-dit-stop-a-la-betonisation","status":"publish","type":"post","link":"https:\/\/immo.lecourrier.es\/index.php\/2024\/07\/06\/marbella-dit-stop-a-la-betonisation\/","title":{"rendered":"Marbella dit stop \u00e0 la b\u00e9tonisation"},"content":{"rendered":"<p><strong><em>Les habitants de la ville andalouse refusent la construction de gratte-ciel destin\u00e9s \u00e0 attirer des investisseurs \u00e9trangers et font reculer la Mairie.<\/em><\/strong>  La cit\u00e9 baln\u00e9aire ne veut pas devenir une deuxi\u00e8me Benidorm, et sa population s\u2019est fermement oppos\u00e9e au nouveau projet de la Mairie tenue par le Partido Popular consistant \u00e0 \u00e9difier cinq gratte-ciel de 20 \u00e0 50 \u00e9tages. Un mouvement populaire qui a surpris politiques et professionnels, \u00e0 commencer par le promoteur Pedro Rodriguez, pr\u00e9sident de Sierra Blanca Properties qui devait construire un \u00e9difice de 30 \u00e9tages : \u00ab <em>Marbella doit rivaliser avec le monde<\/em>, d\u00e9clarait-il au journal El Pa\u00eds, <em>avec Duba\u00ef, Miami ou Singapour, et ce projet pla\u00e7ait la ville dans le XXI\u00e8me si\u00e8cle<\/em>. \u00bb  <strong>Lev\u00e9e de boucliers g\u00e9n\u00e9rale <\/strong>   Projet de gratte-ciel \u00e0 MarbellaLa ville, pourtant, est encore aujourd\u2019hui le symbole de l\u2019urbanisation \u00e0 outrance, capitale de la \u00ab Costa del B\u00e9ton \u00bb, une Costa del Sol ravag\u00e9e par des plans de construction fr\u00e9n\u00e9tiques, des \u00e9diles corrompus et des promoteurs hors de contr\u00f4le. Mais cette fois-ci, le nouveau projet immobilier, approuv\u00e9 par le conseil municipal de Marbella fin novembre, a lev\u00e9 de nombreuses critiques, et pas seulement de la part des membres de l\u2019opposition. Des promoteurs, des architectes et des professionnels de l\u2019h\u00f4tellerie se sont rapidement alarm\u00e9s, comme Rafael de la Fuente, ancien conseiller municipal du PP et ex-directeur d\u2019h\u00f4tels de luxe : \u00ab <em> Les touristes du Nord de l\u2019Europe ne recherchent pas cela<\/em>, explique-t-il, <em>Marbella est unique, nous ne pouvons pas laisser la d\u00e9truire<\/em> \u00bb.    <\/p>\n<p><strong>Un projet avort\u00e9 <\/strong><\/p>\n<p>Beaucoup craignent notamment de lancer une nouvelle forme d\u2019urbanisation fr\u00e9n\u00e9tique, verticale cette fois, qu\u2019il sera impossible d\u2019arr\u00eater ensuite. Angeles Mu\u00f1oz, maire de Marbella, a annonc\u00e9 fin d\u00e9cembre qu\u2019elle renon\u00e7ait au projet, ajoutant qu\u2019il ne s\u2019agissait \u00ab <em>que d\u2019une id\u00e9e<\/em> \u00bb et d\u00e9plorant toutefois une certaine d\u00e9magogie et un manque d\u2019information sur un projet qui aurait pu \u00ab <em>g\u00e9n\u00e9rer de l\u2019emploi et de la richesse <\/em>\u00bb. Le but premier avanc\u00e9 par la Mairie \u00e9tait en effet d&rsquo;attirer de nouveaux investisseurs et cha\u00eenes touristiques internationales dans la ville qui se pr\u00e9sentait souvent comme le Saint-Tropez espagnol, apportant ainsi un nouveau dynamisme \u00e0 la r\u00e9gion.<\/p>\n","protected":false},"excerpt":{"rendered":"<p>Les habitants de la ville andalouse refusent la construction de gratte-ciel destin\u00e9s \u00e0 attirer des investisseurs \u00e9trangers et font reculer la Mairie. La cit\u00e9 baln\u00e9aire ne veut pas devenir une deuxi\u00e8me Benidorm, et sa population s\u2019est fermement oppos\u00e9e au nouveau projet de la Mairie tenue par le Partido Popular consistant \u00e0 \u00e9difier cinq gratte-ciel de [&hellip;]<\/p>\n","protected":false},"author":462,"featured_media":44386,"comment_status":"open","ping_status":"closed","sticky":false,"template":"","format":"standard","meta":{"om_disable_all_campaigns":false,"_monsterinsights_skip_tracking":false,"_monsterinsights_sitenote_active":false,"_monsterinsights_sitenote_note":"","_monsterinsights_sitenote_category":0,"_uf_show_specific_survey":0,"_uf_disable_surveys":false,"footnotes":""},"categories":[212],"tags":[],"class_list":["post-60522","post","type-post","status-publish","format-standard","has-post-thumbnail","hentry","category-breaking-news"],"acf":[],"_links":{"self":[{"href":"https:\/\/immo.lecourrier.es\/index.php\/wp-json\/wp\/v2\/posts\/60522","targetHints":{"allow":["GET"]}}],"collection":[{"href":"https:\/\/immo.lecourrier.es\/index.php\/wp-json\/wp\/v2\/posts"}],"about":[{"href":"https:\/\/immo.lecourrier.es\/index.php\/wp-json\/wp\/v2\/types\/post"}],"author":[{"embeddable":true,"href":"https:\/\/immo.lecourrier.es\/index.php\/wp-json\/wp\/v2\/users\/462"}],"replies":[{"embeddable":true,"href":"https:\/\/immo.lecourrier.es\/index.php\/wp-json\/wp\/v2\/comments?post=60522"}],"version-history":[{"count":0,"href":"https:\/\/immo.lecourrier.es\/index.php\/wp-json\/wp\/v2\/posts\/60522\/revisions"}],"wp:featuredmedia":[{"embeddable":true,"href":"https:\/\/immo.lecourrier.es\/index.php\/wp-json\/wp\/v2\/media\/44386"}],"wp:attachment":[{"href":"https:\/\/immo.lecourrier.es\/index.php\/wp-json\/wp\/v2\/media?parent=60522"}],"wp:term":[{"taxonomy":"category","embeddable":true,"href":"https:\/\/immo.lecourrier.es\/index.php\/wp-json\/wp\/v2\/categories?post=60522"},{"taxonomy":"post_tag","embeddable":true,"href":"https:\/\/immo.lecourrier.es\/index.php\/wp-json\/wp\/v2\/tags?post=60522"}],"curies":[{"name":"wp","href":"https:\/\/api.w.org\/{rel}","templated":true}]}}