{"id":59130,"date":"2024-06-21T23:35:12","date_gmt":"2024-06-21T23:35:12","guid":{"rendered":"https:\/\/immo.lecourrier.es\/index.php\/2024\/06\/21\/la-chaine-espagnole-nostrum-arrive-sur-les-champs-elysees\/"},"modified":"2026-03-03T04:10:32","modified_gmt":"2026-03-03T04:10:32","slug":"la-chaine-espagnole-nostrum-arrive-sur-les-champs-elysees","status":"publish","type":"post","link":"https:\/\/immo.lecourrier.es\/index.php\/2024\/06\/21\/la-chaine-espagnole-nostrum-arrive-sur-les-champs-elysees\/","title":{"rendered":"La cha\u00eene espagnole Nostrum arrive sur les Champs-Elys\u00e9es"},"content":{"rendered":"<p style=\"text-align: justify\">Apr\u00e8s avoir ouvert cinq\u00a0premi\u00e8res franchises en France, la cha\u00eene espagnole Nostrum passe un nouveau cap et s&rsquo;installe sur les Champs-Elys\u00e9es. Mais ce n&rsquo;est pas tout ! Partie v\u00e9ritablement \u00e0 la conqu\u00eate du march\u00e9 fran\u00e7ais, l&rsquo;enseigne pr\u00e9voit l&rsquo;ouverture de 15 restaurants en France et arrive prochainement dans les villes de Lille, Bordeaux et Marseille.<\/p>\n<p style=\"text-align: justify\">Le concept de Nostrum repose sur une restauration saine et rapide \u00e0 petits prix. La marque se targue d&rsquo;\u00eatre un \u00ab\u00a0Fast Good\u00a0\u00bb et permet \u00e0 ses clients de d\u00e9guster des plats\u00a0\u00ab\u00a0comme \u00e0 la maison\u00a0\u00bb pour 1, 2 ou 3\u20ac. Au menu des salades, des poissons, des viandes, des g\u00e2teaux et m\u00eame des glaces, \u00e0 acheter en magasin ou livr\u00e9s \u00e0 domicile.<\/p>\n<p style=\"text-align: justify\">La cuisine s&rsquo;adresse \u00e0 tous et ses plats \u00e9quilibr\u00e9s aux ingr\u00e9dients 100 % naturels en ont fait l&rsquo;un des leaders de la restauration rapide saine en Europe.<\/p>\n<p style=\"text-align: justify\"><strong>Clara Giroudeau<\/strong><\/p>\n","protected":false},"excerpt":{"rendered":"<p>Apr\u00e8s avoir ouvert cinq\u00a0premi\u00e8res franchises en France, la cha\u00eene espagnole Nostrum passe un nouveau cap et s&rsquo;installe sur les Champs-Elys\u00e9es. Mais ce n&rsquo;est pas tout ! Partie v\u00e9ritablement \u00e0 la conqu\u00eate du march\u00e9 fran\u00e7ais, l&rsquo;enseigne pr\u00e9voit l&rsquo;ouverture de 15 restaurants en France et arrive prochainement dans les villes de Lille, Bordeaux et Marseille. Le concept [&hellip;]<\/p>\n","protected":false},"author":462,"featured_media":39665,"comment_status":"open","ping_status":"closed","sticky":false,"template":"","format":"standard","meta":{"om_disable_all_campaigns":false,"_monsterinsights_skip_tracking":false,"_monsterinsights_sitenote_active":false,"_monsterinsights_sitenote_note":"","_monsterinsights_sitenote_category":0,"_uf_show_specific_survey":0,"_uf_disable_surveys":false,"footnotes":""},"categories":[247,212],"tags":[],"class_list":["post-59130","post","type-post","status-publish","format-standard","has-post-thumbnail","hentry","category-autonomie","category-breaking-news"],"acf":[],"_links":{"self":[{"href":"https:\/\/immo.lecourrier.es\/index.php\/wp-json\/wp\/v2\/posts\/59130","targetHints":{"allow":["GET"]}}],"collection":[{"href":"https:\/\/immo.lecourrier.es\/index.php\/wp-json\/wp\/v2\/posts"}],"about":[{"href":"https:\/\/immo.lecourrier.es\/index.php\/wp-json\/wp\/v2\/types\/post"}],"author":[{"embeddable":true,"href":"https:\/\/immo.lecourrier.es\/index.php\/wp-json\/wp\/v2\/users\/462"}],"replies":[{"embeddable":true,"href":"https:\/\/immo.lecourrier.es\/index.php\/wp-json\/wp\/v2\/comments?post=59130"}],"version-history":[{"count":0,"href":"https:\/\/immo.lecourrier.es\/index.php\/wp-json\/wp\/v2\/posts\/59130\/revisions"}],"wp:featuredmedia":[{"embeddable":true,"href":"https:\/\/immo.lecourrier.es\/index.php\/wp-json\/wp\/v2\/media\/39665"}],"wp:attachment":[{"href":"https:\/\/immo.lecourrier.es\/index.php\/wp-json\/wp\/v2\/media?parent=59130"}],"wp:term":[{"taxonomy":"category","embeddable":true,"href":"https:\/\/immo.lecourrier.es\/index.php\/wp-json\/wp\/v2\/categories?post=59130"},{"taxonomy":"post_tag","embeddable":true,"href":"https:\/\/immo.lecourrier.es\/index.php\/wp-json\/wp\/v2\/tags?post=59130"}],"curies":[{"name":"wp","href":"https:\/\/api.w.org\/{rel}","templated":true}]}}