{"id":59126,"date":"2024-06-21T23:30:18","date_gmt":"2024-06-21T23:30:18","guid":{"rendered":"https:\/\/immo.lecourrier.es\/index.php\/2024\/06\/21\/barcelona-veut-imposer-une-nouvelle-taxe-aux-touristes\/"},"modified":"2026-03-03T04:05:24","modified_gmt":"2026-03-03T04:05:24","slug":"barcelona-veut-imposer-une-nouvelle-taxe-aux-touristes","status":"publish","type":"post","link":"https:\/\/immo.lecourrier.es\/index.php\/2024\/06\/21\/barcelona-veut-imposer-une-nouvelle-taxe-aux-touristes\/","title":{"rendered":"Barcelona veut imposer une nouvelle taxe aux touristes"},"content":{"rendered":"<p class=\"long\" style=\"text-align: justify\">Des mesures commencent \u00e0 \u00eatre prises \u00e0 Barcelone o\u00f9 les touristes continuent \u00e0 affluer. La Comisi\u00f3n de Econom\u00eda y de Hacienda del Ayuntamiento de la Communaut\u00e9 vient de voter une taxe qui sera appliqu\u00e9e aux touristes, y compris ceux de passages seulement quelques heures dans la ville. Ce qui est en cause, le fait que Barcelone re\u00e7oive la visite de 30 millions de touristes parmi lesquels seulement 8 millions dorment \u00e0 l&rsquo;h\u00f4tel et paie donc la taxe actuelle impos\u00e9e par la Generalitat mise en place en 2012.<\/p>\n<p class=\"long\" style=\"text-align: justify\"><span class=\"times-dropcap\">L<\/span>&lsquo;id\u00e9e est donc de mettre en place une nouvelle taxe, qui devrait entrer en vigueur en 2018, qui concernerait plus de touristes, bien qu&rsquo;ils ne passent pas la nuit dans la ville. Cela servirait de \u00ab\u00a0compensation\u00a0\u00bb au fait qu&rsquo;ils ne passent pas assez de temps dans la ville pour y d\u00e9penser de l&rsquo;argent et donc aider Barcelone \u00e9conomiquement.<\/p>\n<p style=\"text-align: justify\">Selon les premi\u00e8res informations, cette taxe devrait\u00a0\u00eatre destin\u00e9e aux touristes qui visitent la ville au sein de tours operators. Des discussions concernant\u00a0son application concr\u00e8te sont toujours en cours.<\/p>\n","protected":false},"excerpt":{"rendered":"<p>Des mesures commencent \u00e0 \u00eatre prises \u00e0 Barcelone o\u00f9 les touristes continuent \u00e0 affluer. La Comisi\u00f3n de Econom\u00eda y de Hacienda del Ayuntamiento de la Communaut\u00e9 vient de voter une taxe qui sera appliqu\u00e9e aux touristes, y compris ceux de passages seulement quelques heures dans la ville. Ce qui est en cause, le fait que [&hellip;]<\/p>\n","protected":false},"author":462,"featured_media":39645,"comment_status":"open","ping_status":"closed","sticky":false,"template":"","format":"standard","meta":{"om_disable_all_campaigns":false,"_monsterinsights_skip_tracking":false,"_monsterinsights_sitenote_active":false,"_monsterinsights_sitenote_note":"","_monsterinsights_sitenote_category":0,"_uf_show_specific_survey":0,"_uf_disable_surveys":false,"footnotes":""},"categories":[212],"tags":[],"class_list":["post-59126","post","type-post","status-publish","format-standard","has-post-thumbnail","hentry","category-breaking-news"],"acf":[],"_links":{"self":[{"href":"https:\/\/immo.lecourrier.es\/index.php\/wp-json\/wp\/v2\/posts\/59126","targetHints":{"allow":["GET"]}}],"collection":[{"href":"https:\/\/immo.lecourrier.es\/index.php\/wp-json\/wp\/v2\/posts"}],"about":[{"href":"https:\/\/immo.lecourrier.es\/index.php\/wp-json\/wp\/v2\/types\/post"}],"author":[{"embeddable":true,"href":"https:\/\/immo.lecourrier.es\/index.php\/wp-json\/wp\/v2\/users\/462"}],"replies":[{"embeddable":true,"href":"https:\/\/immo.lecourrier.es\/index.php\/wp-json\/wp\/v2\/comments?post=59126"}],"version-history":[{"count":0,"href":"https:\/\/immo.lecourrier.es\/index.php\/wp-json\/wp\/v2\/posts\/59126\/revisions"}],"wp:featuredmedia":[{"embeddable":true,"href":"https:\/\/immo.lecourrier.es\/index.php\/wp-json\/wp\/v2\/media\/39645"}],"wp:attachment":[{"href":"https:\/\/immo.lecourrier.es\/index.php\/wp-json\/wp\/v2\/media?parent=59126"}],"wp:term":[{"taxonomy":"category","embeddable":true,"href":"https:\/\/immo.lecourrier.es\/index.php\/wp-json\/wp\/v2\/categories?post=59126"},{"taxonomy":"post_tag","embeddable":true,"href":"https:\/\/immo.lecourrier.es\/index.php\/wp-json\/wp\/v2\/tags?post=59126"}],"curies":[{"name":"wp","href":"https:\/\/api.w.org\/{rel}","templated":true}]}}