{"id":59124,"date":"2024-06-21T23:30:08","date_gmt":"2024-06-21T23:30:08","guid":{"rendered":"https:\/\/immo.lecourrier.es\/index.php\/2024\/06\/21\/barcelo-consolide-sa-presence-en-andalousie\/"},"modified":"2026-03-03T04:00:37","modified_gmt":"2026-03-03T04:00:37","slug":"barcelo-consolide-sa-presence-en-andalousie","status":"publish","type":"post","link":"https:\/\/immo.lecourrier.es\/index.php\/2024\/06\/21\/barcelo-consolide-sa-presence-en-andalousie\/","title":{"rendered":"Barcel\u00f3 consolide sa pr\u00e9sence en Andalousie"},"content":{"rendered":"<p style=\"text-align: justify\">Le groupe h\u00f4telier Barcel\u00f3 Hotel Group, d\u00e9j\u00e0 bien implant\u00e9 \u00e0 Grenade, consolide son offre dans la ville puisqu&rsquo;il vient de faire l&rsquo;acquisition de l&rsquo;h\u00f4tel Carmen, situ\u00e9 en plein c\u0153ur du centre-ville. L&rsquo;\u00e9tablissement 4* compte plus de 220 chambres, un restaurant et 3 bars dont un situ\u00e9 sur un rooftop avec piscine.<\/p>\n<p style=\"text-align: justify\">L&rsquo;h\u00f4tel Carmen est le troisi\u00e8me \u00e9tablissement que poss\u00e8de le groupe \u00e0 Grenade. Depuis 2016, la cha\u00eene h\u00f4teli\u00e8re ne cesse de se d\u00e9velopper, tant au niveau national qu&rsquo;international.<\/p>\n","protected":false},"excerpt":{"rendered":"<p>Le groupe h\u00f4telier Barcel\u00f3 Hotel Group, d\u00e9j\u00e0 bien implant\u00e9 \u00e0 Grenade, consolide son offre dans la ville puisqu&rsquo;il vient de faire l&rsquo;acquisition de l&rsquo;h\u00f4tel Carmen, situ\u00e9 en plein c\u0153ur du centre-ville. L&rsquo;\u00e9tablissement 4* compte plus de 220 chambres, un restaurant et 3 bars dont un situ\u00e9 sur un rooftop avec piscine. L&rsquo;h\u00f4tel Carmen est le [&hellip;]<\/p>\n","protected":false},"author":462,"featured_media":39633,"comment_status":"open","ping_status":"closed","sticky":false,"template":"","format":"standard","meta":{"om_disable_all_campaigns":false,"_monsterinsights_skip_tracking":false,"_monsterinsights_sitenote_active":false,"_monsterinsights_sitenote_note":"","_monsterinsights_sitenote_category":0,"_uf_show_specific_survey":0,"_uf_disable_surveys":false,"footnotes":""},"categories":[212],"tags":[],"class_list":["post-59124","post","type-post","status-publish","format-standard","has-post-thumbnail","hentry","category-breaking-news"],"acf":[],"_links":{"self":[{"href":"https:\/\/immo.lecourrier.es\/index.php\/wp-json\/wp\/v2\/posts\/59124","targetHints":{"allow":["GET"]}}],"collection":[{"href":"https:\/\/immo.lecourrier.es\/index.php\/wp-json\/wp\/v2\/posts"}],"about":[{"href":"https:\/\/immo.lecourrier.es\/index.php\/wp-json\/wp\/v2\/types\/post"}],"author":[{"embeddable":true,"href":"https:\/\/immo.lecourrier.es\/index.php\/wp-json\/wp\/v2\/users\/462"}],"replies":[{"embeddable":true,"href":"https:\/\/immo.lecourrier.es\/index.php\/wp-json\/wp\/v2\/comments?post=59124"}],"version-history":[{"count":0,"href":"https:\/\/immo.lecourrier.es\/index.php\/wp-json\/wp\/v2\/posts\/59124\/revisions"}],"wp:featuredmedia":[{"embeddable":true,"href":"https:\/\/immo.lecourrier.es\/index.php\/wp-json\/wp\/v2\/media\/39633"}],"wp:attachment":[{"href":"https:\/\/immo.lecourrier.es\/index.php\/wp-json\/wp\/v2\/media?parent=59124"}],"wp:term":[{"taxonomy":"category","embeddable":true,"href":"https:\/\/immo.lecourrier.es\/index.php\/wp-json\/wp\/v2\/categories?post=59124"},{"taxonomy":"post_tag","embeddable":true,"href":"https:\/\/immo.lecourrier.es\/index.php\/wp-json\/wp\/v2\/tags?post=59124"}],"curies":[{"name":"wp","href":"https:\/\/api.w.org\/{rel}","templated":true}]}}