{"id":59120,"date":"2024-06-21T23:25:07","date_gmt":"2024-06-21T23:25:07","guid":{"rendered":"https:\/\/immo.lecourrier.es\/index.php\/2024\/06\/21\/le-marche-de-la-5g-rapportera-gros-a-lespagne-dans-quelques-annees\/"},"modified":"2026-03-03T03:55:36","modified_gmt":"2026-03-03T03:55:36","slug":"le-marche-de-la-5g-rapportera-gros-a-lespagne-dans-quelques-annees","status":"publish","type":"post","link":"https:\/\/immo.lecourrier.es\/index.php\/2024\/06\/21\/le-marche-de-la-5g-rapportera-gros-a-lespagne-dans-quelques-annees\/","title":{"rendered":"Le march\u00e9 de la 5G rapportera gros \u00e0 l&rsquo;Espagne dans quelques ann\u00e9es"},"content":{"rendered":"<p style=\"text-align: justify\">Selon les pr\u00e9visions, le march\u00e9 de la 5G devrait rapporter quelques 23,3 milliards d&rsquo;euros \u00e0 l&rsquo;Espagne en 2026. Cette avanc\u00e9e technologique de grande ampleur pr\u00e9voit d&rsquo;avoir de tr\u00e8s bonnes r\u00e9percussions sur le pays et sa croissance se basera sur l&rsquo;\u00e9nergie, la fabrication et la s\u00e9curit\u00e9 publique.<\/p>\n<p style=\"text-align: justify\">Au niveau mondial, les chiffres en disent longs \u00e9galement. Cette nouvelle technologie devrait g\u00e9n\u00e9r\u00e9 un march\u00e9 de pr\u00e8s de 1,2 billions d&rsquo;euros au total durant les 10 prochaines ann\u00e9es.<\/p>\n<p style=\"text-align: justify\">Cr\u00e9dits photo : www.5g.co.uk<\/p>\n","protected":false},"excerpt":{"rendered":"<p>Selon les pr\u00e9visions, le march\u00e9 de la 5G devrait rapporter quelques 23,3 milliards d&rsquo;euros \u00e0 l&rsquo;Espagne en 2026. Cette avanc\u00e9e technologique de grande ampleur pr\u00e9voit d&rsquo;avoir de tr\u00e8s bonnes r\u00e9percussions sur le pays et sa croissance se basera sur l&rsquo;\u00e9nergie, la fabrication et la s\u00e9curit\u00e9 publique. Au niveau mondial, les chiffres en disent longs \u00e9galement. [&hellip;]<\/p>\n","protected":false},"author":462,"featured_media":39617,"comment_status":"open","ping_status":"closed","sticky":false,"template":"","format":"standard","meta":{"om_disable_all_campaigns":false,"_monsterinsights_skip_tracking":false,"_monsterinsights_sitenote_active":false,"_monsterinsights_sitenote_note":"","_monsterinsights_sitenote_category":0,"_uf_show_specific_survey":0,"_uf_disable_surveys":false,"footnotes":""},"categories":[247,212],"tags":[],"class_list":["post-59120","post","type-post","status-publish","format-standard","has-post-thumbnail","hentry","category-autonomie","category-breaking-news"],"acf":[],"_links":{"self":[{"href":"https:\/\/immo.lecourrier.es\/index.php\/wp-json\/wp\/v2\/posts\/59120","targetHints":{"allow":["GET"]}}],"collection":[{"href":"https:\/\/immo.lecourrier.es\/index.php\/wp-json\/wp\/v2\/posts"}],"about":[{"href":"https:\/\/immo.lecourrier.es\/index.php\/wp-json\/wp\/v2\/types\/post"}],"author":[{"embeddable":true,"href":"https:\/\/immo.lecourrier.es\/index.php\/wp-json\/wp\/v2\/users\/462"}],"replies":[{"embeddable":true,"href":"https:\/\/immo.lecourrier.es\/index.php\/wp-json\/wp\/v2\/comments?post=59120"}],"version-history":[{"count":0,"href":"https:\/\/immo.lecourrier.es\/index.php\/wp-json\/wp\/v2\/posts\/59120\/revisions"}],"wp:featuredmedia":[{"embeddable":true,"href":"https:\/\/immo.lecourrier.es\/index.php\/wp-json\/wp\/v2\/media\/39617"}],"wp:attachment":[{"href":"https:\/\/immo.lecourrier.es\/index.php\/wp-json\/wp\/v2\/media?parent=59120"}],"wp:term":[{"taxonomy":"category","embeddable":true,"href":"https:\/\/immo.lecourrier.es\/index.php\/wp-json\/wp\/v2\/categories?post=59120"},{"taxonomy":"post_tag","embeddable":true,"href":"https:\/\/immo.lecourrier.es\/index.php\/wp-json\/wp\/v2\/tags?post=59120"}],"curies":[{"name":"wp","href":"https:\/\/api.w.org\/{rel}","templated":true}]}}