{"id":59119,"date":"2024-06-21T23:25:06","date_gmt":"2024-06-21T23:25:06","guid":{"rendered":"https:\/\/immo.lecourrier.es\/index.php\/2024\/06\/21\/le-complexe-hard-rock-entertainment-va-creer-plus-de-2-000-emplois\/"},"modified":"2026-03-03T03:55:33","modified_gmt":"2026-03-03T03:55:33","slug":"le-complexe-hard-rock-entertainment-va-creer-plus-de-2-000-emplois","status":"publish","type":"post","link":"https:\/\/immo.lecourrier.es\/index.php\/2024\/06\/21\/le-complexe-hard-rock-entertainment-va-creer-plus-de-2-000-emplois\/","title":{"rendered":"Le complexe Hard Rock Entertainment va cr\u00e9er plus de 2 000 emplois"},"content":{"rendered":"<p style=\"text-align: justify\">Le BCN World, renomm\u00e9 depuis peu Hard Rock Enterntainment depuis l&rsquo;investissement de l&rsquo;entreprise Hard Rock International, ouvrira ses portes en 2020. Ce gigantesque espace \u00e0 la fois h\u00f4telier et de loisirs devraient g\u00e9n\u00e9rer 2 176 emplois \u00e0 temps complet les 5 premi\u00e8res ann\u00e9es apr\u00e8s son ouverture. Au total, en prenant en compte tout son d\u00e9veloppement, ce projet ambitieux devrait cr\u00e9er plus de 11 000 emplois directs et indirects.<\/p>\n","protected":false},"excerpt":{"rendered":"<p>Le BCN World, renomm\u00e9 depuis peu Hard Rock Enterntainment depuis l&rsquo;investissement de l&rsquo;entreprise Hard Rock International, ouvrira ses portes en 2020. Ce gigantesque espace \u00e0 la fois h\u00f4telier et de loisirs devraient g\u00e9n\u00e9rer 2 176 emplois \u00e0 temps complet les 5 premi\u00e8res ann\u00e9es apr\u00e8s son ouverture. Au total, en prenant en compte tout son d\u00e9veloppement, [&hellip;]<\/p>\n","protected":false},"author":462,"featured_media":39613,"comment_status":"open","ping_status":"closed","sticky":false,"template":"","format":"standard","meta":{"om_disable_all_campaigns":false,"_monsterinsights_skip_tracking":false,"_monsterinsights_sitenote_active":false,"_monsterinsights_sitenote_note":"","_monsterinsights_sitenote_category":0,"_uf_show_specific_survey":0,"_uf_disable_surveys":false,"footnotes":""},"categories":[212],"tags":[],"class_list":["post-59119","post","type-post","status-publish","format-standard","has-post-thumbnail","hentry","category-breaking-news"],"acf":[],"_links":{"self":[{"href":"https:\/\/immo.lecourrier.es\/index.php\/wp-json\/wp\/v2\/posts\/59119","targetHints":{"allow":["GET"]}}],"collection":[{"href":"https:\/\/immo.lecourrier.es\/index.php\/wp-json\/wp\/v2\/posts"}],"about":[{"href":"https:\/\/immo.lecourrier.es\/index.php\/wp-json\/wp\/v2\/types\/post"}],"author":[{"embeddable":true,"href":"https:\/\/immo.lecourrier.es\/index.php\/wp-json\/wp\/v2\/users\/462"}],"replies":[{"embeddable":true,"href":"https:\/\/immo.lecourrier.es\/index.php\/wp-json\/wp\/v2\/comments?post=59119"}],"version-history":[{"count":0,"href":"https:\/\/immo.lecourrier.es\/index.php\/wp-json\/wp\/v2\/posts\/59119\/revisions"}],"wp:featuredmedia":[{"embeddable":true,"href":"https:\/\/immo.lecourrier.es\/index.php\/wp-json\/wp\/v2\/media\/39613"}],"wp:attachment":[{"href":"https:\/\/immo.lecourrier.es\/index.php\/wp-json\/wp\/v2\/media?parent=59119"}],"wp:term":[{"taxonomy":"category","embeddable":true,"href":"https:\/\/immo.lecourrier.es\/index.php\/wp-json\/wp\/v2\/categories?post=59119"},{"taxonomy":"post_tag","embeddable":true,"href":"https:\/\/immo.lecourrier.es\/index.php\/wp-json\/wp\/v2\/tags?post=59119"}],"curies":[{"name":"wp","href":"https:\/\/api.w.org\/{rel}","templated":true}]}}