{"id":59112,"date":"2024-06-21T23:15:11","date_gmt":"2024-06-21T23:15:11","guid":{"rendered":"https:\/\/immo.lecourrier.es\/index.php\/2024\/06\/21\/le-secteur-des-franchises-augmentera-de-49-en-2017\/"},"modified":"2026-03-03T03:49:29","modified_gmt":"2026-03-03T03:49:29","slug":"le-secteur-des-franchises-augmentera-de-49-en-2017","status":"publish","type":"post","link":"https:\/\/immo.lecourrier.es\/index.php\/2024\/06\/21\/le-secteur-des-franchises-augmentera-de-49-en-2017\/","title":{"rendered":"Le secteur des franchises augmentera de 4,9 % en 2017"},"content":{"rendered":"<p style=\"text-align: justify\">Le secteur des franchises termine son exercice annuel en facturant 19,7 milliards d&rsquo;euros en Espagne, soit 4,2 % de plus par rapport au pr\u00e9c\u00e9dent. Les pr\u00e9visions sont d&rsquo;ores et d\u00e9j\u00e0 bonnes pour 2017 puisque l&rsquo;investissement dans ce march\u00e9 devrait augmenter de 4,9 %.<\/p>\n<p style=\"text-align: justify\">Ces bons r\u00e9sultats se traduiront \u00e9galement par une augmentation du nombre d&#8217;emplois dans ce secteur qui devrait \u00eatre \u00e0 hauteur de 4,4 % de plus par rapport \u00e0 l&rsquo;ann\u00e9e derni\u00e8re.<\/p>\n<p style=\"text-align: justify\">Cr\u00e9dits photo :\u00a0cronicaglobal.elespanol.com<\/p>\n","protected":false},"excerpt":{"rendered":"<p>Le secteur des franchises termine son exercice annuel en facturant 19,7 milliards d&rsquo;euros en Espagne, soit 4,2 % de plus par rapport au pr\u00e9c\u00e9dent. Les pr\u00e9visions sont d&rsquo;ores et d\u00e9j\u00e0 bonnes pour 2017 puisque l&rsquo;investissement dans ce march\u00e9 devrait augmenter de 4,9 %. Ces bons r\u00e9sultats se traduiront \u00e9galement par une augmentation du nombre d&#8217;emplois [&hellip;]<\/p>\n","protected":false},"author":462,"featured_media":39587,"comment_status":"open","ping_status":"closed","sticky":false,"template":"","format":"standard","meta":{"om_disable_all_campaigns":false,"_monsterinsights_skip_tracking":false,"_monsterinsights_sitenote_active":false,"_monsterinsights_sitenote_note":"","_monsterinsights_sitenote_category":0,"_uf_show_specific_survey":0,"_uf_disable_surveys":false,"footnotes":""},"categories":[247,212],"tags":[],"class_list":["post-59112","post","type-post","status-publish","format-standard","has-post-thumbnail","hentry","category-autonomie","category-breaking-news"],"acf":[],"_links":{"self":[{"href":"https:\/\/immo.lecourrier.es\/index.php\/wp-json\/wp\/v2\/posts\/59112","targetHints":{"allow":["GET"]}}],"collection":[{"href":"https:\/\/immo.lecourrier.es\/index.php\/wp-json\/wp\/v2\/posts"}],"about":[{"href":"https:\/\/immo.lecourrier.es\/index.php\/wp-json\/wp\/v2\/types\/post"}],"author":[{"embeddable":true,"href":"https:\/\/immo.lecourrier.es\/index.php\/wp-json\/wp\/v2\/users\/462"}],"replies":[{"embeddable":true,"href":"https:\/\/immo.lecourrier.es\/index.php\/wp-json\/wp\/v2\/comments?post=59112"}],"version-history":[{"count":0,"href":"https:\/\/immo.lecourrier.es\/index.php\/wp-json\/wp\/v2\/posts\/59112\/revisions"}],"wp:featuredmedia":[{"embeddable":true,"href":"https:\/\/immo.lecourrier.es\/index.php\/wp-json\/wp\/v2\/media\/39587"}],"wp:attachment":[{"href":"https:\/\/immo.lecourrier.es\/index.php\/wp-json\/wp\/v2\/media?parent=59112"}],"wp:term":[{"taxonomy":"category","embeddable":true,"href":"https:\/\/immo.lecourrier.es\/index.php\/wp-json\/wp\/v2\/categories?post=59112"},{"taxonomy":"post_tag","embeddable":true,"href":"https:\/\/immo.lecourrier.es\/index.php\/wp-json\/wp\/v2\/tags?post=59112"}],"curies":[{"name":"wp","href":"https:\/\/api.w.org\/{rel}","templated":true}]}}