{"id":59111,"date":"2024-06-21T23:15:09","date_gmt":"2024-06-21T23:15:09","guid":{"rendered":"https:\/\/immo.lecourrier.es\/index.php\/2024\/06\/21\/la-maison-de-paco-de-lucia-devient-un-hotel-de-luxe\/"},"modified":"2026-03-03T03:45:39","modified_gmt":"2026-03-03T03:45:39","slug":"la-maison-de-paco-de-lucia-devient-un-hotel-de-luxe","status":"publish","type":"post","link":"https:\/\/immo.lecourrier.es\/index.php\/2024\/06\/21\/la-maison-de-paco-de-lucia-devient-un-hotel-de-luxe\/","title":{"rendered":"La maison de Paco de Luc\u00eda devient un h\u00f4tel de luxe"},"content":{"rendered":"<p class=\"long\" style=\"text-align: justify\">fLa maison du tr\u00e8s c\u00e9l\u00e8bre guitariste espagnol Paco de Luc\u00eda va \u00eatre transform\u00e9e d&rsquo;ici tr\u00e8s peu de temps en un h\u00f4tel de luxe. Situ\u00e9 dans la ville de Tol\u00e8de, l&rsquo;\u00e9tablissement, renomm\u00e9 \u00ab\u00a0Entre dos Aguas\u00a0\u00bb en r\u00e9f\u00e9rence \u00e0 une chanson de l&rsquo;artiste, comptera 5 suites, un restaurant et une \u00ab\u00a0salle d&rsquo;\u00e9coute\u00a0\u00bb, situ\u00e9e dans l&rsquo;ancienne salle d&rsquo;enregistrement, dans laquelle les visiteurs pourront \u00e9couter toute la discographie du guitariste flamenco. Des objets personnels ont \u00e9galement \u00e9t\u00e9 conserv\u00e9s comme une guitare d\u00e9dicac\u00e9e qui sera expos\u00e9e.<\/p>\n","protected":false},"excerpt":{"rendered":"<p>fLa maison du tr\u00e8s c\u00e9l\u00e8bre guitariste espagnol Paco de Luc\u00eda va \u00eatre transform\u00e9e d&rsquo;ici tr\u00e8s peu de temps en un h\u00f4tel de luxe. Situ\u00e9 dans la ville de Tol\u00e8de, l&rsquo;\u00e9tablissement, renomm\u00e9 \u00ab\u00a0Entre dos Aguas\u00a0\u00bb en r\u00e9f\u00e9rence \u00e0 une chanson de l&rsquo;artiste, comptera 5 suites, un restaurant et une \u00ab\u00a0salle d&rsquo;\u00e9coute\u00a0\u00bb, situ\u00e9e dans l&rsquo;ancienne salle d&rsquo;enregistrement, [&hellip;]<\/p>\n","protected":false},"author":462,"featured_media":39584,"comment_status":"open","ping_status":"closed","sticky":false,"template":"","format":"standard","meta":{"om_disable_all_campaigns":false,"_monsterinsights_skip_tracking":false,"_monsterinsights_sitenote_active":false,"_monsterinsights_sitenote_note":"","_monsterinsights_sitenote_category":0,"_uf_show_specific_survey":0,"_uf_disable_surveys":false,"footnotes":""},"categories":[212],"tags":[],"class_list":["post-59111","post","type-post","status-publish","format-standard","has-post-thumbnail","hentry","category-breaking-news"],"acf":[],"_links":{"self":[{"href":"https:\/\/immo.lecourrier.es\/index.php\/wp-json\/wp\/v2\/posts\/59111","targetHints":{"allow":["GET"]}}],"collection":[{"href":"https:\/\/immo.lecourrier.es\/index.php\/wp-json\/wp\/v2\/posts"}],"about":[{"href":"https:\/\/immo.lecourrier.es\/index.php\/wp-json\/wp\/v2\/types\/post"}],"author":[{"embeddable":true,"href":"https:\/\/immo.lecourrier.es\/index.php\/wp-json\/wp\/v2\/users\/462"}],"replies":[{"embeddable":true,"href":"https:\/\/immo.lecourrier.es\/index.php\/wp-json\/wp\/v2\/comments?post=59111"}],"version-history":[{"count":0,"href":"https:\/\/immo.lecourrier.es\/index.php\/wp-json\/wp\/v2\/posts\/59111\/revisions"}],"wp:featuredmedia":[{"embeddable":true,"href":"https:\/\/immo.lecourrier.es\/index.php\/wp-json\/wp\/v2\/media\/39584"}],"wp:attachment":[{"href":"https:\/\/immo.lecourrier.es\/index.php\/wp-json\/wp\/v2\/media?parent=59111"}],"wp:term":[{"taxonomy":"category","embeddable":true,"href":"https:\/\/immo.lecourrier.es\/index.php\/wp-json\/wp\/v2\/categories?post=59111"},{"taxonomy":"post_tag","embeddable":true,"href":"https:\/\/immo.lecourrier.es\/index.php\/wp-json\/wp\/v2\/tags?post=59111"}],"curies":[{"name":"wp","href":"https:\/\/api.w.org\/{rel}","templated":true}]}}