{"id":59059,"date":"2024-06-21T22:25:07","date_gmt":"2024-06-21T22:25:07","guid":{"rendered":"https:\/\/immo.lecourrier.es\/index.php\/2024\/06\/21\/un-nouveau-complexe-hotelier-pres-de-seville\/"},"modified":"2026-03-03T02:55:31","modified_gmt":"2026-03-03T02:55:31","slug":"un-nouveau-complexe-hotelier-pres-de-seville","status":"publish","type":"post","link":"https:\/\/immo.lecourrier.es\/index.php\/2024\/06\/21\/un-nouveau-complexe-hotelier-pres-de-seville\/","title":{"rendered":"Un nouveau complexe h\u00f4telier pr\u00e8s de S\u00e9ville\u00a0"},"content":{"rendered":"<p><b><\/b>La ville d\u2019Utrera, \u00e0 25 km de la capitale andalouse, accueillera bient\u00f4t un complexe h\u00f4telier flambant neuf. La mairie a lanc\u00e9 les proc\u00e9dures administratives en vue de construire un nouveau site, tourn\u00e9 <i>a priori<\/i> vers les tourismes d\u2019affaires et sportif.<\/p>\n<p>Sur une superficie de plus de 30700 m\u00e8tres carr\u00e9s, l\u2019\u00e9tablissement devrait proposer entre 60 et 90 chambres. Le maire de la ville, Jos\u00e9 Mar\u00eda Villalobos, compte sur celui-ci pour combler le \u00ab\u00a0<i>principal handicap<\/i>\u00a0\u00bb de la ville en mati\u00e8re de tourisme : le manque de complexe d\u2019une capacit\u00e9 suffisante pour accueillir de grands groupes, notamment dans le cadre professionnel.<\/p>\n<p>Ainsi, ce nouveau projet vise particuli\u00e8rement le tourisme d\u2019affaires, dit MICE (Meetings, incentives, conferencing, exhibitions). Le complexe devrait ainsi accueillir congr\u00e8s, expositions, r\u00e9unions d\u2019entreprise etc. Toutefois, au-del\u00e0 du monde des affaires, l\u2019\u00e9tablissement est aussi destin\u00e9 aux sportifs. En effet, le futur complexe se situera \u00e0 proximit\u00e9 d\u2019infrastructures \u00e0 cet effet. Celui-ci inclura par ailleurs une piscine et un terrain de football avec gazon naturel.<\/p>\n<p>La mairie affirme qu\u2019un tel h\u00f4tel embauchera au moins 50 personnes.<\/p>\n","protected":false},"excerpt":{"rendered":"<p>La ville d\u2019Utrera, \u00e0 25 km de la capitale andalouse, accueillera bient\u00f4t un complexe h\u00f4telier flambant neuf. La mairie a lanc\u00e9 les proc\u00e9dures administratives en vue de construire un nouveau site, tourn\u00e9 a priori vers les tourismes d\u2019affaires et sportif. Sur une superficie de plus de 30700 m\u00e8tres carr\u00e9s, l\u2019\u00e9tablissement devrait proposer entre 60 et [&hellip;]<\/p>\n","protected":false},"author":462,"featured_media":39387,"comment_status":"open","ping_status":"closed","sticky":false,"template":"","format":"standard","meta":{"om_disable_all_campaigns":false,"_monsterinsights_skip_tracking":false,"_monsterinsights_sitenote_active":false,"_monsterinsights_sitenote_note":"","_monsterinsights_sitenote_category":0,"_uf_show_specific_survey":0,"_uf_disable_surveys":false,"footnotes":""},"categories":[212],"tags":[],"class_list":["post-59059","post","type-post","status-publish","format-standard","has-post-thumbnail","hentry","category-breaking-news"],"acf":[],"_links":{"self":[{"href":"https:\/\/immo.lecourrier.es\/index.php\/wp-json\/wp\/v2\/posts\/59059","targetHints":{"allow":["GET"]}}],"collection":[{"href":"https:\/\/immo.lecourrier.es\/index.php\/wp-json\/wp\/v2\/posts"}],"about":[{"href":"https:\/\/immo.lecourrier.es\/index.php\/wp-json\/wp\/v2\/types\/post"}],"author":[{"embeddable":true,"href":"https:\/\/immo.lecourrier.es\/index.php\/wp-json\/wp\/v2\/users\/462"}],"replies":[{"embeddable":true,"href":"https:\/\/immo.lecourrier.es\/index.php\/wp-json\/wp\/v2\/comments?post=59059"}],"version-history":[{"count":0,"href":"https:\/\/immo.lecourrier.es\/index.php\/wp-json\/wp\/v2\/posts\/59059\/revisions"}],"wp:featuredmedia":[{"embeddable":true,"href":"https:\/\/immo.lecourrier.es\/index.php\/wp-json\/wp\/v2\/media\/39387"}],"wp:attachment":[{"href":"https:\/\/immo.lecourrier.es\/index.php\/wp-json\/wp\/v2\/media?parent=59059"}],"wp:term":[{"taxonomy":"category","embeddable":true,"href":"https:\/\/immo.lecourrier.es\/index.php\/wp-json\/wp\/v2\/categories?post=59059"},{"taxonomy":"post_tag","embeddable":true,"href":"https:\/\/immo.lecourrier.es\/index.php\/wp-json\/wp\/v2\/tags?post=59059"}],"curies":[{"name":"wp","href":"https:\/\/api.w.org\/{rel}","templated":true}]}}