{"id":59051,"date":"2024-06-21T22:15:08","date_gmt":"2024-06-21T22:15:08","guid":{"rendered":"https:\/\/immo.lecourrier.es\/index.php\/2024\/06\/21\/immeuble-chic-a-vendre-a-valencia-a-moins-de-3000-euros-du-m2\/"},"modified":"2026-03-03T02:45:37","modified_gmt":"2026-03-03T02:45:37","slug":"immeuble-chic-a-vendre-a-valencia-a-moins-de-3000-euros-du-m2","status":"publish","type":"post","link":"https:\/\/immo.lecourrier.es\/index.php\/2024\/06\/21\/immeuble-chic-a-vendre-a-valencia-a-moins-de-3000-euros-du-m2\/","title":{"rendered":"Immeuble chic \u00e0 vendre \u00e0 Valencia \u00e0 moins de 3000 euros du m2"},"content":{"rendered":"<p class=\"long\">C&rsquo;est sans aucun doute \u00e0 Valencia que les investisseurs internationaux vont regarder d\u00e9sormais. La ville a tout d&rsquo;une grande mais sans avoir connu la folle sp\u00e9culation immobili\u00e8re de Madrid et Barcelone.<\/p>\n<p class=\"long\"><span class=\"times-dropcap\">I<\/span>l se vend en ce moment un immeuble en plein centre ville. Immeuble chic de 7 \u00e9tages avec un retail occup\u00e9 par du prime. L&rsquo;immeuble a plus de 4500 m2 et se vend pour moins de 12 millions d&rsquo;euros. On est \u00e0 moins de 3000 euros du m2! Id\u00e9al pour un h\u00f4tel boutique 4* ou r\u00e9sidence de luxe.<\/p>\n<p>Premiers contacts:\u00a0jinvestisenespagne@gmail.com<\/p>\n<p>(interm\u00e9daires s&rsquo;abstenir)<\/p>\n","protected":false},"excerpt":{"rendered":"<p>C&rsquo;est sans aucun doute \u00e0 Valencia que les investisseurs internationaux vont regarder d\u00e9sormais. La ville a tout d&rsquo;une grande mais sans avoir connu la folle sp\u00e9culation immobili\u00e8re de Madrid et Barcelone. Il se vend en ce moment un immeuble en plein centre ville. Immeuble chic de 7 \u00e9tages avec un retail occup\u00e9 par du prime. [&hellip;]<\/p>\n","protected":false},"author":462,"featured_media":39357,"comment_status":"open","ping_status":"closed","sticky":false,"template":"","format":"standard","meta":{"om_disable_all_campaigns":false,"_monsterinsights_skip_tracking":false,"_monsterinsights_sitenote_active":false,"_monsterinsights_sitenote_note":"","_monsterinsights_sitenote_category":0,"_uf_show_specific_survey":0,"_uf_disable_surveys":false,"footnotes":""},"categories":[212],"tags":[],"class_list":["post-59051","post","type-post","status-publish","format-standard","has-post-thumbnail","hentry","category-breaking-news"],"acf":[],"_links":{"self":[{"href":"https:\/\/immo.lecourrier.es\/index.php\/wp-json\/wp\/v2\/posts\/59051","targetHints":{"allow":["GET"]}}],"collection":[{"href":"https:\/\/immo.lecourrier.es\/index.php\/wp-json\/wp\/v2\/posts"}],"about":[{"href":"https:\/\/immo.lecourrier.es\/index.php\/wp-json\/wp\/v2\/types\/post"}],"author":[{"embeddable":true,"href":"https:\/\/immo.lecourrier.es\/index.php\/wp-json\/wp\/v2\/users\/462"}],"replies":[{"embeddable":true,"href":"https:\/\/immo.lecourrier.es\/index.php\/wp-json\/wp\/v2\/comments?post=59051"}],"version-history":[{"count":0,"href":"https:\/\/immo.lecourrier.es\/index.php\/wp-json\/wp\/v2\/posts\/59051\/revisions"}],"wp:featuredmedia":[{"embeddable":true,"href":"https:\/\/immo.lecourrier.es\/index.php\/wp-json\/wp\/v2\/media\/39357"}],"wp:attachment":[{"href":"https:\/\/immo.lecourrier.es\/index.php\/wp-json\/wp\/v2\/media?parent=59051"}],"wp:term":[{"taxonomy":"category","embeddable":true,"href":"https:\/\/immo.lecourrier.es\/index.php\/wp-json\/wp\/v2\/categories?post=59051"},{"taxonomy":"post_tag","embeddable":true,"href":"https:\/\/immo.lecourrier.es\/index.php\/wp-json\/wp\/v2\/tags?post=59051"}],"curies":[{"name":"wp","href":"https:\/\/api.w.org\/{rel}","templated":true}]}}