{"id":59007,"date":"2024-06-21T21:30:13","date_gmt":"2024-06-21T21:30:13","guid":{"rendered":"https:\/\/immo.lecourrier.es\/index.php\/2024\/06\/21\/le-courrier-despagne-reunit-les-francais-de-valence-pour-du-networking\/"},"modified":"2026-03-03T02:06:06","modified_gmt":"2026-03-03T02:06:06","slug":"le-courrier-despagne-reunit-les-francais-de-valence-pour-du-networking","status":"publish","type":"post","link":"https:\/\/immo.lecourrier.es\/index.php\/2024\/06\/21\/le-courrier-despagne-reunit-les-francais-de-valence-pour-du-networking\/","title":{"rendered":"Le Courrier d&rsquo;Espagne r\u00e9unit les Fran\u00e7ais de Valence pour du networking"},"content":{"rendered":"<p>Malgr\u00e9 le tr\u00e8s mauvais temps ce jour l\u00e0, les Fran\u00e7ais de Valence ont assist\u00e9 au premier afterwork frenchy organis\u00e9 dans la ville. Une centaine de Fran\u00e7ais s&rsquo;\u00e9tait enregistr\u00e9e, ce qui montre le besoin de networking de la communaut\u00e9 francophone locale. Le Courrier d&rsquo;Espagne et la soci\u00e9t\u00e9 Valencia-Expat-Services, ont re\u00e7u des entrepreneurs fran\u00e7ais, des cadres sup locaux, mais aussi des fran\u00e7ais et des francophones qui r\u00e9sident depuis peu sur Valence et qui cherchent \u00e0 y d\u00e9velopper des activit\u00e9s.<\/p>\n<p>Valence est en plein boom, d&rsquo;ailleurs le Courrier d&rsquo;Espagne y a d\u00e9di\u00e9 <a href=\"https:\/\/lecourrier.es\/le-courrier-despagne-num-85-esten-ligne\/\">sa derni\u00e8re couverture<\/a>. Plus de 18 nouvelles lignes a\u00e9riennes s&rsquo;ouvrent entre Valence et le reste de l&rsquo;Europe, ce qui va d\u00e9multiplier le nombre d&rsquo;expatri\u00e9s dans la ville. Cette premi\u00e8re soir\u00e9e n&rsquo;est pas la derni\u00e8re, le Courrier d&rsquo;Espagne va prochainement redonner rendez-vous aux francophones de la ville.<\/p>\n<p><img fetchpriority=\"high\" decoding=\"async\" class=\"alignnone wp-image-46703\" src=\"https:\/\/lecourrier.es\/wp-content\/uploads\/2017\/12\/fullsizeoutput_589e-300x200.jpeg\" alt=\"\" width=\"912\" height=\"608\" \/><img decoding=\"async\" class=\"alignnone wp-image-46705\" src=\"https:\/\/lecourrier.es\/wp-content\/uploads\/2017\/12\/fullsizeoutput_5803-300x169.jpeg\" alt=\"\" width=\"911\" height=\"513\" \/><img decoding=\"async\" class=\"alignnone wp-image-46706\" src=\"https:\/\/lecourrier.es\/wp-content\/uploads\/2017\/12\/fullsizeoutput_5815-300x200.jpeg\" alt=\"\" width=\"911\" height=\"607\" \/><img loading=\"lazy\" decoding=\"async\" loading=\"lazy\" class=\"alignnone wp-image-46701\" src=\"https:\/\/lecourrier.es\/wp-content\/uploads\/2017\/12\/fullsizeoutput_575e-300x189.jpeg\" alt=\"\" width=\"910\" height=\"573\" \/><img loading=\"lazy\" decoding=\"async\" loading=\"lazy\" class=\"alignnone wp-image-46710\" src=\"https:\/\/lecourrier.es\/wp-content\/uploads\/2017\/12\/img_2002-300x195.jpg\" alt=\"\" width=\"911\" height=\"592\" \/><img loading=\"lazy\" decoding=\"async\" loading=\"lazy\" class=\"alignnone wp-image-46699\" src=\"https:\/\/lecourrier.es\/wp-content\/uploads\/2017\/12\/fullsizeoutput_55f4-300x200.jpeg\" alt=\"\" width=\"911\" height=\"607\" \/><img loading=\"lazy\" decoding=\"async\" loading=\"lazy\" class=\"alignnone wp-image-46709\" src=\"https:\/\/lecourrier.es\/wp-content\/uploads\/2017\/12\/fullsizeoutput_5885-300x240.jpeg\" alt=\"\" width=\"913\" height=\"730\" \/><img loading=\"lazy\" decoding=\"async\" loading=\"lazy\" class=\"alignnone wp-image-46707\" src=\"https:\/\/lecourrier.es\/wp-content\/uploads\/2017\/12\/fullsizeoutput_5836-300x200.jpeg\" alt=\"\" width=\"911\" height=\"607\" \/><img loading=\"lazy\" decoding=\"async\" loading=\"lazy\" class=\"alignnone wp-image-46700\" src=\"https:\/\/lecourrier.es\/wp-content\/uploads\/2017\/12\/fullsizeoutput_57da-300x200.jpeg\" alt=\"\" width=\"910\" height=\"606\" \/>\u00a0<img loading=\"lazy\" decoding=\"async\" loading=\"lazy\" class=\"alignnone wp-image-46708\" src=\"https:\/\/lecourrier.es\/wp-content\/uploads\/2017\/12\/fullsizeoutput_5855-300x200.jpeg\" alt=\"\" width=\"908\" height=\"605\" \/><img loading=\"lazy\" decoding=\"async\" loading=\"lazy\" class=\"alignnone wp-image-46698\" src=\"https:\/\/lecourrier.es\/wp-content\/uploads\/2017\/12\/fullsizeoutput_55e4-300x200.jpeg\" alt=\"\" width=\"908\" height=\"605\" \/><\/p>\n<p>Copyrights Photos : Barbara Iandolo (www.barbaraiandolo.com)<\/p>\n","protected":false},"excerpt":{"rendered":"<p>Malgr\u00e9 le tr\u00e8s mauvais temps ce jour l\u00e0, les Fran\u00e7ais de Valence ont assist\u00e9 au premier afterwork frenchy organis\u00e9 dans la ville. Une centaine de Fran\u00e7ais s&rsquo;\u00e9tait enregistr\u00e9e, ce qui montre le besoin de networking de la communaut\u00e9 francophone locale. Le Courrier d&rsquo;Espagne et la soci\u00e9t\u00e9 Valencia-Expat-Services, ont re\u00e7u des entrepreneurs fran\u00e7ais, des cadres sup [&hellip;]<\/p>\n","protected":false},"author":462,"featured_media":39193,"comment_status":"open","ping_status":"closed","sticky":false,"template":"","format":"standard","meta":{"om_disable_all_campaigns":false,"_monsterinsights_skip_tracking":false,"_monsterinsights_sitenote_active":false,"_monsterinsights_sitenote_note":"","_monsterinsights_sitenote_category":0,"_uf_show_specific_survey":0,"_uf_disable_surveys":false,"footnotes":""},"categories":[212],"tags":[],"class_list":["post-59007","post","type-post","status-publish","format-standard","has-post-thumbnail","hentry","category-breaking-news"],"acf":[],"_links":{"self":[{"href":"https:\/\/immo.lecourrier.es\/index.php\/wp-json\/wp\/v2\/posts\/59007","targetHints":{"allow":["GET"]}}],"collection":[{"href":"https:\/\/immo.lecourrier.es\/index.php\/wp-json\/wp\/v2\/posts"}],"about":[{"href":"https:\/\/immo.lecourrier.es\/index.php\/wp-json\/wp\/v2\/types\/post"}],"author":[{"embeddable":true,"href":"https:\/\/immo.lecourrier.es\/index.php\/wp-json\/wp\/v2\/users\/462"}],"replies":[{"embeddable":true,"href":"https:\/\/immo.lecourrier.es\/index.php\/wp-json\/wp\/v2\/comments?post=59007"}],"version-history":[{"count":0,"href":"https:\/\/immo.lecourrier.es\/index.php\/wp-json\/wp\/v2\/posts\/59007\/revisions"}],"wp:featuredmedia":[{"embeddable":true,"href":"https:\/\/immo.lecourrier.es\/index.php\/wp-json\/wp\/v2\/media\/39193"}],"wp:attachment":[{"href":"https:\/\/immo.lecourrier.es\/index.php\/wp-json\/wp\/v2\/media?parent=59007"}],"wp:term":[{"taxonomy":"category","embeddable":true,"href":"https:\/\/immo.lecourrier.es\/index.php\/wp-json\/wp\/v2\/categories?post=59007"},{"taxonomy":"post_tag","embeddable":true,"href":"https:\/\/immo.lecourrier.es\/index.php\/wp-json\/wp\/v2\/tags?post=59007"}],"curies":[{"name":"wp","href":"https:\/\/api.w.org\/{rel}","templated":true}]}}