{"id":58806,"date":"2024-06-21T17:00:09","date_gmt":"2024-06-21T17:00:09","guid":{"rendered":"https:\/\/immo.lecourrier.es\/index.php\/2024\/06\/21\/apple-leisure-group-arrive-en-europe-avec-comme-tete-de-pont-lespagne\/"},"modified":"2026-03-02T21:21:44","modified_gmt":"2026-03-02T21:21:44","slug":"apple-leisure-group-arrive-en-europe-avec-comme-tete-de-pont-lespagne","status":"publish","type":"post","link":"https:\/\/immo.lecourrier.es\/index.php\/2024\/06\/21\/apple-leisure-group-arrive-en-europe-avec-comme-tete-de-pont-lespagne\/","title":{"rendered":"Apple Leisure Group arrive en Europe avec comme t\u00eate de pont l&rsquo;Espagne"},"content":{"rendered":"<p class=\"long\">Apple Leisure Group (ALG), fournisseur de forfaits vacances vers le Mexique est la plus grande agence des Cara\u00efbes aux \u00c9tats-Unis, et arrivera en Europe en 2019 avec quatre h\u00f4tels en Espagne : le port d&rsquo;entr\u00e9e sur un continent qui rend visibles ses grands projets d&rsquo;expansion. Cela confirme les progr\u00e8s r\u00e9alis\u00e9s en janvier, o\u00f9 le groupe a indiqu\u00e9 avoir tripl\u00e9 son chiffre d&rsquo;affaire sur le march\u00e9 espagnol depuis son arriv\u00e9e r\u00e9cente.<\/p>\n<p>\u00ab\u00a02019 sera notre saut en Europe, et nous travaillons d\u00e9j\u00e0 sur l&#8217;embauche de personnes et de voyagistes\u00a0\u00bb, a d\u00e9clar\u00e9 Javier Coll, vice-pr\u00e9sident ex\u00e9cutif et directeur de la strat\u00e9gie pour ALG. Cette entreprise nord-am\u00e9ricaine, leader sur le segment des all-inclusive, et qui transporte environ 3,6 millions de passagers par an, entrera en Europe en provenance d&rsquo;Espagne, deuxi\u00e8me pays le plus visit\u00e9 au monde.<\/p>\n<p>Majorque, Lanzarote et Fuerteventura, auront les premiers h\u00f4tels g\u00e9r\u00e9s par cet op\u00e9rateur \u00e0 travers plusieurs marques. Certaines sont d\u00e9j\u00e0 affirm\u00e9es, comme Dreams ou Secrets, et d&rsquo;autres non comme Amigo, sp\u00e9cialis\u00e9e dans les h\u00f4tels trois \u00e9toiles ou les aparthotels.<\/p>\n<p>Bien que le march\u00e9 soit nouveau, Coll s&rsquo;appuie sur la trajectoire ascendante d&rsquo;ALG, fond\u00e9e en 2001, pour atteindre l&rsquo;Europe avec environ 1 100 chambres. \u00ab\u00a0En Europe, nous n&rsquo;avons pas la m\u00eame distribution qu&rsquo;aux Etats-Unis, mais nous savons comment vendre le marketing et les attributs de la marque, et c&rsquo;est ce que comprennent les t\u00e9l\u00e9op\u00e9rateurs de notre entreprise et de sa valeur\u00a0\u00bb, at-il d\u00e9clar\u00e9.<\/p>\n<p>Deuxi\u00e8me \u00e9tape, Croatie, Gr\u00e8ce ou Italie:<br \/>\nL&rsquo;introduction en Europe n\u00e9cessitera \u00abl&rsquo;adaptation du mod\u00e8le\u00bb en fonction de la demande, bien que le forfait tout compris ne soit pas exclu, ce qui sera offert avec d&rsquo;autres possibilit\u00e9s de voyage. \u00ab\u00a0De l\u00e0, nous irons en Croatie, en Gr\u00e8ce ou en Italie, mais il est logique de commencer en Espagne\u00a0\u00bb, a d\u00e9clar\u00e9 le directeur de l&rsquo;ALG en parlant de cette destination populaire pour son soleil et la plage en M\u00e9diterran\u00e9e.<\/p>\n<p>Pour l&rsquo;instant, at-il ajout\u00e9, le partenariat qu&rsquo;ils recherchaient avec le groupe espagnol NH Hotel Group est toujours en n\u00e9gociation avec la soci\u00e9t\u00e9 mineure tha\u00eflandaise apr\u00e8s avoir atteint 29,82% du capital. \u00ab\u00a0Nous aimerions faire quelque chose avec NH et mat\u00e9rialiser (&#8230;) Mais l&rsquo;Europe \u00e9tait une d\u00e9cision strat\u00e9gique que nous avons prise pour \u00e9voluer dans un march\u00e9 important et diff\u00e9rent du Mexique et des Cara\u00efbes\u00a0\u00bb, a d\u00e9clar\u00e9 Coll, notant l&rsquo;int\u00e9r\u00eat des investisseurs dans le secteur en Europe \u00e0 un moment de changement en raison de la hausse de la concurrence.<\/p>\n<p>Source et suite de l&rsquo;article sur <a href=\"https:\/\/www.hosteltur.com\/107851_cuba-da-luz-verde-a-las-licencias-para-alojamientos-privados.html\">Hosteltur<\/a><\/p>\n","protected":false},"excerpt":{"rendered":"<p>Apple Leisure Group (ALG), fournisseur de forfaits vacances vers le Mexique est la plus grande agence des Cara\u00efbes aux \u00c9tats-Unis, et arrivera en Europe en 2019 avec quatre h\u00f4tels en Espagne : le port d&rsquo;entr\u00e9e sur un continent qui rend visibles ses grands projets d&rsquo;expansion. Cela confirme les progr\u00e8s r\u00e9alis\u00e9s en janvier, o\u00f9 le groupe [&hellip;]<\/p>\n","protected":false},"author":462,"featured_media":37869,"comment_status":"open","ping_status":"closed","sticky":false,"template":"","format":"standard","meta":{"om_disable_all_campaigns":false,"_monsterinsights_skip_tracking":false,"_monsterinsights_sitenote_active":false,"_monsterinsights_sitenote_note":"","_monsterinsights_sitenote_category":0,"_uf_show_specific_survey":0,"_uf_disable_surveys":false,"footnotes":""},"categories":[212],"tags":[],"class_list":["post-58806","post","type-post","status-publish","format-standard","has-post-thumbnail","hentry","category-breaking-news"],"acf":[],"_links":{"self":[{"href":"https:\/\/immo.lecourrier.es\/index.php\/wp-json\/wp\/v2\/posts\/58806","targetHints":{"allow":["GET"]}}],"collection":[{"href":"https:\/\/immo.lecourrier.es\/index.php\/wp-json\/wp\/v2\/posts"}],"about":[{"href":"https:\/\/immo.lecourrier.es\/index.php\/wp-json\/wp\/v2\/types\/post"}],"author":[{"embeddable":true,"href":"https:\/\/immo.lecourrier.es\/index.php\/wp-json\/wp\/v2\/users\/462"}],"replies":[{"embeddable":true,"href":"https:\/\/immo.lecourrier.es\/index.php\/wp-json\/wp\/v2\/comments?post=58806"}],"version-history":[{"count":0,"href":"https:\/\/immo.lecourrier.es\/index.php\/wp-json\/wp\/v2\/posts\/58806\/revisions"}],"wp:featuredmedia":[{"embeddable":true,"href":"https:\/\/immo.lecourrier.es\/index.php\/wp-json\/wp\/v2\/media\/37869"}],"wp:attachment":[{"href":"https:\/\/immo.lecourrier.es\/index.php\/wp-json\/wp\/v2\/media?parent=58806"}],"wp:term":[{"taxonomy":"category","embeddable":true,"href":"https:\/\/immo.lecourrier.es\/index.php\/wp-json\/wp\/v2\/categories?post=58806"},{"taxonomy":"post_tag","embeddable":true,"href":"https:\/\/immo.lecourrier.es\/index.php\/wp-json\/wp\/v2\/tags?post=58806"}],"curies":[{"name":"wp","href":"https:\/\/api.w.org\/{rel}","templated":true}]}}