{"id":58805,"date":"2024-06-21T17:00:07","date_gmt":"2024-06-21T17:00:07","guid":{"rendered":"https:\/\/immo.lecourrier.es\/index.php\/2024\/06\/21\/norwegian-inaugure-ses-vols-transatlantiques-depuis-madrid\/"},"modified":"2026-03-02T21:21:40","modified_gmt":"2026-03-02T21:21:40","slug":"norwegian-inaugure-ses-vols-transatlantiques-depuis-madrid","status":"publish","type":"post","link":"https:\/\/immo.lecourrier.es\/index.php\/2024\/06\/21\/norwegian-inaugure-ses-vols-transatlantiques-depuis-madrid\/","title":{"rendered":"Norwegian inaugure ses vols transatlantiques depuis Madrid"},"content":{"rendered":"<p class=\"long\">Ses activit\u00e9s aux \u00c9tats-Unis s&rsquo;ajoutent aux lignes court-courrier qu&rsquo;elle exploite d\u00e9j\u00e0 depuis Barajas. Dimanche, le transporteur norv\u00e9gien a ouvert ses op\u00e9rations transoc\u00e9aniques \u00e0 l&rsquo;a\u00e9roport Adolfo Su\u00e1rez Madrid-Barajas avec un premier vol \u00e0 destination de Los Angeles, auxquelles deux autres destinations seront bient\u00f4t ajout\u00e9es : New-York et Miami.<\/p>\n<p class=\"long\"><span class=\"times-dropcap\">N<\/span>orwegian rejoindra Madrid \u00e0 Miami \u00e0 partir d&rsquo;octobre. La compagnie qui propose d\u00e9j\u00e0 des vols vers les \u00c9tats-Unis \u00e0 partir de l&rsquo;a\u00e9roport de Barcelone-El Prat, ajoute ainsi ses op\u00e9rations longue distance aux courts trajets qui op\u00e8rent d\u00e9j\u00e0 depuis Madrid. La route vers Los Angeles a commenc\u00e9 son voyage avec quatre vols par semaine, au d\u00e9part les lundis, mercredis, vendredis et dimanches pendant l&rsquo;\u00e9t\u00e9 et jusqu&rsquo;au 26 Octobre. \u00c0 partir du 28 de ce mois, d\u00e9parts de Barajas les lundis, mardis et vendredis. Les vols norv\u00e9giens de l&rsquo;a\u00e9roport de Madrid \u00e0 New York commenceront le mercredi 18 juillet avec trois fr\u00e9quences, avec des d\u00e9parts les mercredis, vendredis et dimanches jusqu&rsquo;au 26 octobre; nombre de fr\u00e9quences qui seront maintenues dans son horaire d&rsquo;hiver mais avec une variation des jours de fonctionnement, puisque les vols partiront les mardis, jeudis et dimanches.<\/p>\n<p>Source et suite de l&rsquo;article sur <a href=\"https:\/\/www.hosteltur.com\/107907_norwegian-inaugura-sus-vuelos-transoceanicos-desde-madrid.html\">Hosteltur<\/a><\/p>\n","protected":false},"excerpt":{"rendered":"<p>Ses activit\u00e9s aux \u00c9tats-Unis s&rsquo;ajoutent aux lignes court-courrier qu&rsquo;elle exploite d\u00e9j\u00e0 depuis Barajas. Dimanche, le transporteur norv\u00e9gien a ouvert ses op\u00e9rations transoc\u00e9aniques \u00e0 l&rsquo;a\u00e9roport Adolfo Su\u00e1rez Madrid-Barajas avec un premier vol \u00e0 destination de Los Angeles, auxquelles deux autres destinations seront bient\u00f4t ajout\u00e9es : New-York et Miami. Norwegian rejoindra Madrid \u00e0 Miami \u00e0 partir d&rsquo;octobre. [&hellip;]<\/p>\n","protected":false},"author":462,"featured_media":37865,"comment_status":"open","ping_status":"closed","sticky":false,"template":"","format":"standard","meta":{"om_disable_all_campaigns":false,"_monsterinsights_skip_tracking":false,"_monsterinsights_sitenote_active":false,"_monsterinsights_sitenote_note":"","_monsterinsights_sitenote_category":0,"_uf_show_specific_survey":0,"_uf_disable_surveys":false,"footnotes":""},"categories":[212],"tags":[],"class_list":["post-58805","post","type-post","status-publish","format-standard","has-post-thumbnail","hentry","category-breaking-news"],"acf":[],"_links":{"self":[{"href":"https:\/\/immo.lecourrier.es\/index.php\/wp-json\/wp\/v2\/posts\/58805","targetHints":{"allow":["GET"]}}],"collection":[{"href":"https:\/\/immo.lecourrier.es\/index.php\/wp-json\/wp\/v2\/posts"}],"about":[{"href":"https:\/\/immo.lecourrier.es\/index.php\/wp-json\/wp\/v2\/types\/post"}],"author":[{"embeddable":true,"href":"https:\/\/immo.lecourrier.es\/index.php\/wp-json\/wp\/v2\/users\/462"}],"replies":[{"embeddable":true,"href":"https:\/\/immo.lecourrier.es\/index.php\/wp-json\/wp\/v2\/comments?post=58805"}],"version-history":[{"count":0,"href":"https:\/\/immo.lecourrier.es\/index.php\/wp-json\/wp\/v2\/posts\/58805\/revisions"}],"wp:featuredmedia":[{"embeddable":true,"href":"https:\/\/immo.lecourrier.es\/index.php\/wp-json\/wp\/v2\/media\/37865"}],"wp:attachment":[{"href":"https:\/\/immo.lecourrier.es\/index.php\/wp-json\/wp\/v2\/media?parent=58805"}],"wp:term":[{"taxonomy":"category","embeddable":true,"href":"https:\/\/immo.lecourrier.es\/index.php\/wp-json\/wp\/v2\/categories?post=58805"},{"taxonomy":"post_tag","embeddable":true,"href":"https:\/\/immo.lecourrier.es\/index.php\/wp-json\/wp\/v2\/tags?post=58805"}],"curies":[{"name":"wp","href":"https:\/\/api.w.org\/{rel}","templated":true}]}}