{"id":58803,"date":"2024-06-21T16:55:19","date_gmt":"2024-06-21T16:55:19","guid":{"rendered":"https:\/\/immo.lecourrier.es\/index.php\/2024\/06\/21\/les-tribunaux-soutiennent-a-nouveau-la-construction-du-maspalomas-siam-park\/"},"modified":"2026-03-02T21:17:10","modified_gmt":"2026-03-02T21:17:10","slug":"les-tribunaux-soutiennent-a-nouveau-la-construction-du-maspalomas-siam-park","status":"publish","type":"post","link":"https:\/\/immo.lecourrier.es\/index.php\/2024\/06\/21\/les-tribunaux-soutiennent-a-nouveau-la-construction-du-maspalomas-siam-park\/","title":{"rendered":"Les tribunaux soutiennent \u00e0 nouveau la construction du Maspalomas Siam Park"},"content":{"rendered":"<p class=\"long\"><span class=\"times-dropcap\">L<\/span>a Cour sup\u00e9rieure de justice des Canaries (TSJC) a de nouveau approuv\u00e9 la construction du parc Siam de Maspalomas (Grande Canarie). Les magistrats n&rsquo;appr\u00e9cient pas la \u00ab\u00a0d\u00e9viance du pouvoir\u00a0\u00bb d\u00e9nonc\u00e9e par la compagnie Lebensraum Wasers, selon EFE.<\/p>\n<p class=\"long\"><span class=\"times-dropcap\">L<\/span>e groupe Loro Parque pr\u00e9voyant d&rsquo;investir 100 millions d&rsquo;euros a achet\u00e9 le terrain d&rsquo;El Veril il y a quatre ans et attend toujours de d\u00e9marrer les travaux du parc. Lebensraum Wasers, compagnie concurrente de Loro Parque, a remis en question la proc\u00e9dure du gouvernement des Canaries consistant \u00e0 suspendre deux plans territoriaux qui pr\u00e9voyaient \u00a0l&rsquo;avenir de la voie ferr\u00e9e de Gran Canaria. La voie devait passer \u00e0 travers les terrains d&rsquo;El Veril et va maintenant occuper le Siam Park. Lebensraum Wasers a fait valoir le fait qu&rsquo;une suspension des plans territoriaux n&rsquo;\u00e9tait pas justifi\u00e9e par des raisons objectives et qu&rsquo;elle visait exclusivement \u00e0 favoriser Loro Parque.<\/p>\n<p class=\"\">Cependant, les tribunaux donnent de nouveau la raison au groupe Loro Parque. Une suspension de planification justifi\u00e9e. En outre, il souligne que les plans que le gouvernement canarien a d\u00e9cid\u00e9 de suspendre \u00e9taient en contradiction avec le plan de modernisation d&rsquo;El Veril, qui est \u00e9galement approuv\u00e9. Dans la m\u00eame ligne, TSJC ajoute que l&rsquo;itin\u00e9raire pr\u00e9vu pour le futur chemin de fer de Gran Canaria n&rsquo;est actuellement que provisoire, alors que le plan de modernisation d&rsquo;El Veril est approuv\u00e9 et a pass\u00e9 une proc\u00e9dure d&rsquo;impact environnemental. Mais, par-dessus tout, la Chambre rejette l&rsquo;argument selon lequel la suspension de ces plans n&rsquo;est pas justifi\u00e9e.<\/p>\n<p>Source et suite d l&rsquo;article sur <a href=\"https:\/\/www.hosteltur.com\/107929_los-tribunales-avalan-de-nuevo-la-construccion-del-siam-park-de-maspalomas.html\">Hosteltur<\/a><\/p>\n","protected":false},"excerpt":{"rendered":"<p>La Cour sup\u00e9rieure de justice des Canaries (TSJC) a de nouveau approuv\u00e9 la construction du parc Siam de Maspalomas (Grande Canarie). Les magistrats n&rsquo;appr\u00e9cient pas la \u00ab\u00a0d\u00e9viance du pouvoir\u00a0\u00bb d\u00e9nonc\u00e9e par la compagnie Lebensraum Wasers, selon EFE. Le groupe Loro Parque pr\u00e9voyant d&rsquo;investir 100 millions d&rsquo;euros a achet\u00e9 le terrain d&rsquo;El Veril il y a [&hellip;]<\/p>\n","protected":false},"author":462,"featured_media":37853,"comment_status":"open","ping_status":"closed","sticky":false,"template":"","format":"standard","meta":{"om_disable_all_campaigns":false,"_monsterinsights_skip_tracking":false,"_monsterinsights_sitenote_active":false,"_monsterinsights_sitenote_note":"","_monsterinsights_sitenote_category":0,"_uf_show_specific_survey":0,"_uf_disable_surveys":false,"footnotes":""},"categories":[212],"tags":[],"class_list":["post-58803","post","type-post","status-publish","format-standard","has-post-thumbnail","hentry","category-breaking-news"],"acf":[],"_links":{"self":[{"href":"https:\/\/immo.lecourrier.es\/index.php\/wp-json\/wp\/v2\/posts\/58803","targetHints":{"allow":["GET"]}}],"collection":[{"href":"https:\/\/immo.lecourrier.es\/index.php\/wp-json\/wp\/v2\/posts"}],"about":[{"href":"https:\/\/immo.lecourrier.es\/index.php\/wp-json\/wp\/v2\/types\/post"}],"author":[{"embeddable":true,"href":"https:\/\/immo.lecourrier.es\/index.php\/wp-json\/wp\/v2\/users\/462"}],"replies":[{"embeddable":true,"href":"https:\/\/immo.lecourrier.es\/index.php\/wp-json\/wp\/v2\/comments?post=58803"}],"version-history":[{"count":0,"href":"https:\/\/immo.lecourrier.es\/index.php\/wp-json\/wp\/v2\/posts\/58803\/revisions"}],"wp:featuredmedia":[{"embeddable":true,"href":"https:\/\/immo.lecourrier.es\/index.php\/wp-json\/wp\/v2\/media\/37853"}],"wp:attachment":[{"href":"https:\/\/immo.lecourrier.es\/index.php\/wp-json\/wp\/v2\/media?parent=58803"}],"wp:term":[{"taxonomy":"category","embeddable":true,"href":"https:\/\/immo.lecourrier.es\/index.php\/wp-json\/wp\/v2\/categories?post=58803"},{"taxonomy":"post_tag","embeddable":true,"href":"https:\/\/immo.lecourrier.es\/index.php\/wp-json\/wp\/v2\/tags?post=58803"}],"curies":[{"name":"wp","href":"https:\/\/api.w.org\/{rel}","templated":true}]}}