{"id":58800,"date":"2024-06-21T16:50:21","date_gmt":"2024-06-21T16:50:21","guid":{"rendered":"https:\/\/immo.lecourrier.es\/index.php\/2024\/06\/21\/immeuble-de-bureaux-a-vendre-valencia-10-000-m2\/"},"modified":"2026-03-02T21:16:15","modified_gmt":"2026-03-02T21:16:15","slug":"immeuble-de-bureaux-a-vendre-valencia-10-000-m2","status":"publish","type":"post","link":"https:\/\/immo.lecourrier.es\/index.php\/2024\/06\/21\/immeuble-de-bureaux-a-vendre-valencia-10-000-m2\/","title":{"rendered":"Immeuble de bureaux \u00e0 vendre, Valencia, 10 000 m2"},"content":{"rendered":"<p>Immeuble de bureaux qui peut \u00eatre transform\u00e9 en r\u00e9sidentiel ou en h\u00f4tel.<\/p>\n<p>Non situ\u00e9 dans la zone du \u00ab\u00a0moratoire\u00a0\u00bb de la mairie. Prix : 8 000 000 d&rsquo;euros + honoraires<\/p>\n<p>Contact : jinvestisenespagne@gmail.com<\/p>\n<p>Interm\u00e9diaires s&rsquo;abstenir.<\/p>\n","protected":false},"excerpt":{"rendered":"<p>Immeuble de bureaux qui peut \u00eatre transform\u00e9 en r\u00e9sidentiel ou en h\u00f4tel. Non situ\u00e9 dans la zone du \u00ab\u00a0moratoire\u00a0\u00bb de la mairie. Prix : 8 000 000 d&rsquo;euros + honoraires Contact : jinvestisenespagne@gmail.com Interm\u00e9diaires s&rsquo;abstenir.<\/p>\n","protected":false},"author":462,"featured_media":37828,"comment_status":"open","ping_status":"closed","sticky":false,"template":"","format":"standard","meta":{"om_disable_all_campaigns":false,"_monsterinsights_skip_tracking":false,"_monsterinsights_sitenote_active":false,"_monsterinsights_sitenote_note":"","_monsterinsights_sitenote_category":0,"_uf_show_specific_survey":0,"_uf_disable_surveys":false,"footnotes":""},"categories":[212],"tags":[],"class_list":["post-58800","post","type-post","status-publish","format-standard","has-post-thumbnail","hentry","category-breaking-news"],"acf":[],"_links":{"self":[{"href":"https:\/\/immo.lecourrier.es\/index.php\/wp-json\/wp\/v2\/posts\/58800","targetHints":{"allow":["GET"]}}],"collection":[{"href":"https:\/\/immo.lecourrier.es\/index.php\/wp-json\/wp\/v2\/posts"}],"about":[{"href":"https:\/\/immo.lecourrier.es\/index.php\/wp-json\/wp\/v2\/types\/post"}],"author":[{"embeddable":true,"href":"https:\/\/immo.lecourrier.es\/index.php\/wp-json\/wp\/v2\/users\/462"}],"replies":[{"embeddable":true,"href":"https:\/\/immo.lecourrier.es\/index.php\/wp-json\/wp\/v2\/comments?post=58800"}],"version-history":[{"count":0,"href":"https:\/\/immo.lecourrier.es\/index.php\/wp-json\/wp\/v2\/posts\/58800\/revisions"}],"wp:featuredmedia":[{"embeddable":true,"href":"https:\/\/immo.lecourrier.es\/index.php\/wp-json\/wp\/v2\/media\/37828"}],"wp:attachment":[{"href":"https:\/\/immo.lecourrier.es\/index.php\/wp-json\/wp\/v2\/media?parent=58800"}],"wp:term":[{"taxonomy":"category","embeddable":true,"href":"https:\/\/immo.lecourrier.es\/index.php\/wp-json\/wp\/v2\/categories?post=58800"},{"taxonomy":"post_tag","embeddable":true,"href":"https:\/\/immo.lecourrier.es\/index.php\/wp-json\/wp\/v2\/tags?post=58800"}],"curies":[{"name":"wp","href":"https:\/\/api.w.org\/{rel}","templated":true}]}}