{"id":57961,"date":"2024-07-12T10:52:02","date_gmt":"2024-07-12T10:52:02","guid":{"rendered":"https:\/\/immo.lecourrier.es\/?p=57961"},"modified":"2026-03-05T07:17:01","modified_gmt":"2026-03-05T07:17:01","slug":"les-ventes-dans-les-centres-commerciaux-augmentent-de-32-jusquen-avril","status":"publish","type":"post","link":"https:\/\/immo.lecourrier.es\/index.php\/2024\/07\/12\/les-ventes-dans-les-centres-commerciaux-augmentent-de-32-jusquen-avril\/","title":{"rendered":"Les ventes dans les centres commerciaux augmentent de 3,2% jusqu&rsquo;en avril"},"content":{"rendered":"<p><em>Au cours des 4 premiers mois de l&rsquo;ann\u00e9e, les ventes de d\u00e9tail dans les complexes commerciaux ont augment\u00e9 dans toute l&rsquo;Espagne, en particulier en Catalogne, o\u00f9 une hausse de 6,1% a \u00e9t\u00e9 enregistr\u00e9e.<\/em><\/p>\n<p>Les centres commerciaux prennent de l&rsquo;essor en 2024. Au cours des 4 premiers mois de l&rsquo;exercice, les centres commerciaux espagnols ont augment\u00e9 leur chiffre d&rsquo;affaires de 3,2% en glissement annuel, de m\u00eame que l&rsquo;affluence, qui a augment\u00e9 de 3,7%, selon le \u00ab\u00a0Retail Index\u00a0\u00bb, publi\u00e9 par Cbre, qui \u00e9tudie jusqu&rsquo;\u00e0 59 centres commerciaux en Espagne et au Portugal.<\/p>\n<p><strong>La Catalogne a men\u00e9 cette augmentation des ventes avec une hausse annuelle de 6,1% et une croissance de l&rsquo;affluence de 2,3%.<\/strong> \u00ab\u00a0Cette diff\u00e9rence marqu\u00e9e entre l&rsquo;augmentation du chiffre d&rsquo;affaires et le nombre de visiteurs s&rsquo;explique par la croissance des d\u00e9penses moyennes des consommateurs dans les centres commerciaux\u00a0\u00bb, a assur\u00e9 Paul Santos, \u00ab\u00a0head of Retail Iberia\u00a0\u00bb de Cbre.<\/p>\n<p>Dans le reste du pays, <strong>les plus grands enregistrements en termes de nombre de visiteurs correspondent aux centres commerciaux du sud de l&rsquo;Espagne<\/strong>, avec une hausse de 7,9% et une augmentation des ventes de 3,8% dans l&rsquo;ensemble. Pour leur part, les centres commerciaux du nord et de la r\u00e9gion centrale de l&rsquo;Espagne ont \u00e9galement constat\u00e9 une augmentation du chiffre d&rsquo;affaires, mais dans une moindre mesure, avec une croissance de 2,7% dans le nord, 2,3% \u00e0 Madrid et 2,1% dans la r\u00e9gion de Levante.<\/p>\n<h3 class=\"wp-block-heading\"><strong>La Catalogne a men\u00e9 cette augmentation des ventes avec une hausse annuelle de 6,1% et une croissance de l&rsquo;affluence de 2,3%<\/strong><\/h3>\n<p>Au sein des centres commerciaux,<strong> les activit\u00e9s ayant enregistr\u00e9 les plus fortes augmentations du chiffre d&rsquo;affaires ont \u00e9t\u00e9 le \u00ab\u00a0speciality retail\u00a0\u00bb (9%)<\/strong>, l&rsquo;\u00e9lectronique (7,6%) et les services (6,7%). En revanche, les magasins de sport et de loisirs ont recul\u00e9 entre janvier et avril par rapport \u00e0 la m\u00eame p\u00e9riode de l&rsquo;ann\u00e9e pr\u00e9c\u00e9dente, avec des baisses de 1,8% et 3,7%, respectivement.<\/p>\n<p><strong>La croissance enregistr\u00e9e dans les centres commerciaux est \u00e9troitement li\u00e9e \u00e0 leur aspect ludique<\/strong>. Les centres urbains restent en de\u00e7\u00e0 des ventes et des affluences des centres commerciaux, avec une croissance de 6% des ventes et de 7,1% du nombre de visiteurs.<\/p>\n<p>Les centres commerciaux du Portugal ont \u00e9galement vu leurs ventes et affluences augmenter entre janvier et avril, d\u00e9passant les augmentations enregistr\u00e9es en Espagne. <strong>En fait, le nombre de visiteurs a augment\u00e9 de 7,9% par rapport \u00e0 la m\u00eame p\u00e9riode de l&rsquo;ann\u00e9e pr\u00e9c\u00e9dente<\/strong>, tandis que le chiffre d&rsquo;affaires a augment\u00e9 de 6,2%. En somme, les centres commerciaux ont atteint un taux d&rsquo;occupation de 95,9%.<\/p>\n<p>Dans ce cas, l&rsquo;augmentation des ventes a \u00e9t\u00e9 stimul\u00e9e par la croissance du chiffre d&rsquo;affaires dans les magasins de loisirs (19,7%), suivis par l&rsquo;alimentation (13,4%) et le \u00ab\u00a0speciality retail\u00a0\u00bb (10,2%). Les activit\u00e9s ayant enregistr\u00e9 les plus faibles augmentations de leur chiffre d&rsquo;affaires ont \u00e9t\u00e9 les magasins de sport (3,2%) et les magasins d&rsquo;\u00e9lectronique et de d\u00e9coration (3,4%).<\/p>\n<p>Source :<a href=\"https:\/\/www.ejeprime.com\/mercado\/las-ventas-en-centros-comerciales-crecen-un-32-hasta-abril\"> EjePrime <\/a><\/p>\n<div style=\"height:102px\" aria-hidden=\"true\" class=\"wp-block-spacer\"><\/div><\/p>\n","protected":false},"excerpt":{"rendered":"<p>Au cours des 4 premiers mois de l&rsquo;ann\u00e9e, les ventes de d\u00e9tail dans les complexes commerciaux ont augment\u00e9 dans toute l&rsquo;Espagne, en particulier en Catalogne, o\u00f9 une hausse de 6,1% a \u00e9t\u00e9 enregistr\u00e9e. Les centres commerciaux prennent de l&rsquo;essor en 2024. Au cours des 4 premiers mois de l&rsquo;exercice, les centres commerciaux espagnols ont augment\u00e9 [&hellip;]<\/p>\n","protected":false},"author":462,"featured_media":57963,"comment_status":"open","ping_status":"closed","sticky":false,"template":"","format":"standard","meta":{"om_disable_all_campaigns":false,"_monsterinsights_skip_tracking":false,"_monsterinsights_sitenote_active":false,"_monsterinsights_sitenote_note":"","_monsterinsights_sitenote_category":0,"_uf_show_specific_survey":0,"_uf_disable_surveys":false,"footnotes":""},"categories":[212,234],"tags":[459,1108],"class_list":["post-57961","post","type-post","status-publish","format-standard","has-post-thumbnail","hentry","category-breaking-news","category-logistique-retail","tag-catalogne","tag-centres-commerciaux"],"acf":[],"_links":{"self":[{"href":"https:\/\/immo.lecourrier.es\/index.php\/wp-json\/wp\/v2\/posts\/57961","targetHints":{"allow":["GET"]}}],"collection":[{"href":"https:\/\/immo.lecourrier.es\/index.php\/wp-json\/wp\/v2\/posts"}],"about":[{"href":"https:\/\/immo.lecourrier.es\/index.php\/wp-json\/wp\/v2\/types\/post"}],"author":[{"embeddable":true,"href":"https:\/\/immo.lecourrier.es\/index.php\/wp-json\/wp\/v2\/users\/462"}],"replies":[{"embeddable":true,"href":"https:\/\/immo.lecourrier.es\/index.php\/wp-json\/wp\/v2\/comments?post=57961"}],"version-history":[{"count":0,"href":"https:\/\/immo.lecourrier.es\/index.php\/wp-json\/wp\/v2\/posts\/57961\/revisions"}],"wp:featuredmedia":[{"embeddable":true,"href":"https:\/\/immo.lecourrier.es\/index.php\/wp-json\/wp\/v2\/media\/57963"}],"wp:attachment":[{"href":"https:\/\/immo.lecourrier.es\/index.php\/wp-json\/wp\/v2\/media?parent=57961"}],"wp:term":[{"taxonomy":"category","embeddable":true,"href":"https:\/\/immo.lecourrier.es\/index.php\/wp-json\/wp\/v2\/categories?post=57961"},{"taxonomy":"post_tag","embeddable":true,"href":"https:\/\/immo.lecourrier.es\/index.php\/wp-json\/wp\/v2\/tags?post=57961"}],"curies":[{"name":"wp","href":"https:\/\/api.w.org\/{rel}","templated":true}]}}