{"id":57953,"date":"2024-06-20T07:35:07","date_gmt":"2024-06-20T07:35:07","guid":{"rendered":"https:\/\/immo.lecourrier.es\/index.php\/2024\/06\/20\/acheter-malin-espagne-est-une-agence-francophone-de-chasseurs-immobiliers\/"},"modified":"2026-03-01T10:13:25","modified_gmt":"2026-03-01T10:13:25","slug":"acheter-malin-espagne-est-une-agence-francophone-de-chasseurs-immobiliers","status":"publish","type":"post","link":"https:\/\/immo.lecourrier.es\/index.php\/2024\/06\/20\/acheter-malin-espagne-est-une-agence-francophone-de-chasseurs-immobiliers\/","title":{"rendered":"Acheter Malin Espagne est une agence francophone de chasseurs immobiliers"},"content":{"rendered":"<p>Fond\u00e9e par S\u00e9verine et Val\u00e9rie, l&rsquo;\u00e9quipe profite de leurs ann\u00e9es d&rsquo;exp\u00e9rience dans le secteur commercial et sur le march\u00e9 local. Nous mettons notre exigence de qualit\u00e9 au service de votre recherche immobili\u00e8re, avec une approche hautement personnalis\u00e9e et une d\u00e9marche en toute transparence. Votre maison de r\u00eave existe, notre mission est de la d\u00e9nicher pour vous !<\/p>\n<h2 class=\"wp-block-heading\">Nos services en d\u00e9tail, en 3 \u00e9tapes cl\u00e9s :<\/h2>\n<h3 class=\"wp-block-heading\"><strong>Avant : \u00e9tude de votre projet, rechercher et pr\u00e9parer votre achat<\/strong><\/h3>\n<p><a href=\"https:\/\/achetermalinespagne.com\/services\/\">&gt; Analyse du projet<\/a><\/p>\n<p><a href=\"https:\/\/achetermalinespagne.com\/services\/\">&gt; Prospection du march\u00e9<\/a><\/p>\n<p><a href=\"https:\/\/achetermalinespagne.com\/services\/\">&gt; Pr\u00e9sentation des offres<\/a><\/p>\n<p><a href=\"https:\/\/achetermalinespagne.com\/services\/\">&gt; Organisation de votre visite<\/a><\/p>\n<p><a href=\"https:\/\/achetermalinespagne.com\/services\/\">&gt; Pr\u00e9paration de votre achat<\/a><\/p>\n<h3 class=\"wp-block-heading\"><strong>Pendant : accompagnement lors des visites, n\u00e9gocier et s\u00e9curiser la transaction d\u2019achat<\/strong><\/h3>\n<p><a href=\"https:\/\/achetermalinespagne.com\/services\/\">&gt; Visite accompagn\u00e9e des biens<\/a><\/p>\n<p><a href=\"https:\/\/achetermalinespagne.com\/services\/\">&gt; V\u00e9rification l\u00e9gale du bien choisi<\/a><\/p>\n<p><a href=\"https:\/\/achetermalinespagne.com\/services\/\">&gt; Formalisation de l\u2019achat<\/a><\/p>\n<h3 class=\"wp-block-heading\"><strong>Apr\u00e8s : mise en place d\u2019un suivi jusqu\u2019\u00e0 votre installation pour vous faciliter la vie<\/strong><\/h3>\n<h3 class=\"wp-block-heading\">Notre travail ne s\u2019ach\u00e8ve pas \u00e0 la signature du contrat<\/h3>\n<p><a href=\"https:\/\/achetermalinespagne.com\/services\/\">&gt; Changements de nom des contrats<\/a><\/p>\n<p><a href=\"https:\/\/achetermalinespagne.com\/services\/\">&gt; Assurance habitation<\/a><\/p>\n<p><a href=\"https:\/\/achetermalinespagne.com\/services\/\">&gt; Mise en relation avec des agences de location<\/a><\/p>\n<p><a href=\"https:\/\/achetermalinespagne.com\/services\/\">&gt; R\u00e9alisation de travaux&gt; Autre assistance<\/a><\/p>\n<figure class=\"wp-block-image size-large\"><img decoding=\"async\" src=\"https:\/\/immo.lecourrier.es\/wp-content\/uploads\/2024\/04\/Capture-de\u0301cran-2022-04-08-a\u0300-16.18.27-1024x625.jpg\"><\/figure>\n<figure class=\"wp-block-image size-large\"><img decoding=\"async\" src=\"https:\/\/immo.lecourrier.es\/wp-content\/uploads\/2024\/04\/Capture-de\u0301cran-2022-04-08-a\u0300-16.18.43-1024x591.jpg\"><\/figure>\n<hr class=\"wp-block-separator\" \/>\n<h3 class=\"wp-block-heading\"><strong>Contact<\/strong><\/h3>\n<h4 class=\"has-regular-font-size wp-block-heading\">(+34) 657 571 845<br \/>(+34) 676 256 575<br \/><a href=\"mailto:info@achetermalinespagne.com\">info@achetermalinespagne.com<\/a><br \/><a href=\"http:\/\/www.achetermalinenespagne.com\" data-type=\"URL\" data-id=\"www.achetermalinenespagne.com\">www.achetermalinenespagne.com<\/a><\/h4>\n<figure class=\"wp-block-embed is-type-wp-embed is-provider-acheter-malin-espagne-accueil-chasseur-immobilier wp-block-embed-acheter-malin-espagne-accueil-chasseur-immobilier\">\n<div class=\"wp-block-embed__wrapper\">\n<blockquote class=\"wp-embedded-content\" data-secret=\"obAF2hPTb9\"><p><a href=\"https:\/\/achetermalinespagne.com\/\">Accueil<\/a><\/p><\/blockquote>\n<\/div>\n<\/figure>\n<p><strong>Section :<\/strong> <a href=\"https:\/\/lecourrier.es\/acheter-malin-espagne-est-une-agence-francophone-de-chasseurs-immobiliers\/\" target=\"_blank\" rel=\"noreferrer noopener\">Agence immobili\u00e8re francophone en Espagne<\/a><\/p>\n","protected":false},"excerpt":{"rendered":"<p>Fond\u00e9e par S\u00e9verine et Val\u00e9rie, l&rsquo;\u00e9quipe profite de leurs ann\u00e9es d&rsquo;exp\u00e9rience dans le secteur commercial et sur le march\u00e9 local. Nous mettons notre exigence de qualit\u00e9 au service de votre recherche immobili\u00e8re, avec une approche hautement personnalis\u00e9e et une d\u00e9marche en toute transparence. Votre maison de r\u00eave existe, notre mission est de la d\u00e9nicher pour [&hellip;]<\/p>\n","protected":false},"author":462,"featured_media":49657,"comment_status":"open","ping_status":"closed","sticky":false,"template":"","format":"standard","meta":{"om_disable_all_campaigns":false,"_monsterinsights_skip_tracking":false,"_monsterinsights_sitenote_active":false,"_monsterinsights_sitenote_note":"","_monsterinsights_sitenote_category":0,"_uf_show_specific_survey":0,"_uf_disable_surveys":false,"footnotes":""},"categories":[4454],"tags":[],"class_list":["post-57953","post","type-post","status-publish","format-standard","has-post-thumbnail","hentry","category-prestataires"],"acf":[],"_links":{"self":[{"href":"https:\/\/immo.lecourrier.es\/index.php\/wp-json\/wp\/v2\/posts\/57953","targetHints":{"allow":["GET"]}}],"collection":[{"href":"https:\/\/immo.lecourrier.es\/index.php\/wp-json\/wp\/v2\/posts"}],"about":[{"href":"https:\/\/immo.lecourrier.es\/index.php\/wp-json\/wp\/v2\/types\/post"}],"author":[{"embeddable":true,"href":"https:\/\/immo.lecourrier.es\/index.php\/wp-json\/wp\/v2\/users\/462"}],"replies":[{"embeddable":true,"href":"https:\/\/immo.lecourrier.es\/index.php\/wp-json\/wp\/v2\/comments?post=57953"}],"version-history":[{"count":0,"href":"https:\/\/immo.lecourrier.es\/index.php\/wp-json\/wp\/v2\/posts\/57953\/revisions"}],"wp:featuredmedia":[{"embeddable":true,"href":"https:\/\/immo.lecourrier.es\/index.php\/wp-json\/wp\/v2\/media\/49657"}],"wp:attachment":[{"href":"https:\/\/immo.lecourrier.es\/index.php\/wp-json\/wp\/v2\/media?parent=57953"}],"wp:term":[{"taxonomy":"category","embeddable":true,"href":"https:\/\/immo.lecourrier.es\/index.php\/wp-json\/wp\/v2\/categories?post=57953"},{"taxonomy":"post_tag","embeddable":true,"href":"https:\/\/immo.lecourrier.es\/index.php\/wp-json\/wp\/v2\/tags?post=57953"}],"curies":[{"name":"wp","href":"https:\/\/api.w.org\/{rel}","templated":true}]}}