{"id":57672,"date":"2024-06-15T14:10:15","date_gmt":"2024-06-15T14:10:15","guid":{"rendered":"https:\/\/immo.lecourrier.es\/index.php\/2024\/06\/15\/fuerteventura-a-la-tete-de-la-croissance-du-tourisme-international-dans-les-iles-canaries\/"},"modified":"2026-03-06T08:20:25","modified_gmt":"2026-03-06T08:20:25","slug":"fuerteventura-a-la-tete-de-la-croissance-du-tourisme-international-dans-les-iles-canaries","status":"publish","type":"post","link":"https:\/\/immo.lecourrier.es\/index.php\/2024\/06\/15\/fuerteventura-a-la-tete-de-la-croissance-du-tourisme-international-dans-les-iles-canaries\/","title":{"rendered":"Fuerteventura \u00e0 la t\u00eate de la croissance du tourisme international dans les \u00eeles Canaries"},"content":{"rendered":"<p><em>Fuerteventura sera l&rsquo;\u00eele avec la plus forte croissance dans l&rsquo;arriv\u00e9e de touristes internationaux la saison d&rsquo;hiver prochaine, avec une augmentation de 47,5 % du tourisme \u00e9tranger pr\u00e9vue, alors que la moyenne pour les \u00eeles Canaries est de 34 %, selon le Cabildo Majorero bas\u00e9 sur les derni\u00e8res donn\u00e9es fournies par le d\u00e9partement du tourisme du gouvernement des Canaries.<\/em><\/p>\n<p>Hosteltur, 16 ao\u00fbt 2022<\/p>\n<p>Les autorit\u00e9s de l&rsquo;\u00eele accueillent cette \u00ab\u00a0excellente nouvelle\u00a0\u00bb, qui les rend \u00ab\u00a0optimistes\u00a0\u00bb pour la saison \u00e0 venir, avec une certaine prudence car, comme l&rsquo;a soulign\u00e9 la conseill\u00e8re en charge du tourisme, Jessica de Le\u00f3n, \u00ab\u00a0il s&rsquo;agit de pr\u00e9visions qui peuvent varier en fonction de la situation internationale, qui est compliqu\u00e9e\u00a0\u00bb.<\/p>\n<p>Selon les chiffres du conseiller, les visiteurs \u00e9trangers qui se rendront \u00e0 Fuerteventura seront l&rsquo;Italie (+118,5 %), les Pays-Bas (+90,6 %), la France (+63,6 %), l&rsquo;Allemagne (+55,8 %), la Belgique (+54,6 %) et le Royaume-Uni (+43,8 %).<\/p>\n<p>Cette augmentation, \u00ab\u00a0notable dans certains cas\u00a0\u00bb, comme l&rsquo;a d\u00e9fini le conseiller, \u00ab\u00a0est due aux efforts de promotion que nous avons d\u00e9ploy\u00e9s sur les diff\u00e9rents march\u00e9s \u00e9metteurs, ainsi qu&rsquo;aux campagnes de comarketing que nous avons d\u00e9velopp\u00e9es en collaboration avec diff\u00e9rents tour-op\u00e9rateurs et agents touristiques, et dont les fruits commenceront \u00e0 se faire sentir la saison prochaine\u00a0\u00bb.<\/p>\n<p>Le tourisme national est \u00e9galement en croissance pour l&rsquo;hiver, \u00e9tant la troisi\u00e8me \u00eele avec la plus forte augmentation de 45,1 %, derri\u00e8re La Palma (+158,6 %) et Lanzarote (+51,9 %). Au total, il est pr\u00e9vu que les \u00eeles Canaries attirent 1.348.508 touristes d&rsquo;origine nationale et internationale au cours de la prochaine saison d&rsquo;hiver 2022-2023.<\/p>\n<p>Source <a href=\"https:\/\/www.hosteltur.com\/152931_fuerteventura-liderara-el-crecimiento-de-turismo-internacional-en-canarias.html\" target=\"_blank\" rel=\"noreferrer noopener\">Hosteltur <\/a><\/p>\n","protected":false},"excerpt":{"rendered":"<p>Fuerteventura sera l&rsquo;\u00eele avec la plus forte croissance dans l&rsquo;arriv\u00e9e de touristes internationaux la saison d&rsquo;hiver prochaine, avec une augmentation de 47,5 % du tourisme \u00e9tranger pr\u00e9vue, alors que la moyenne pour les \u00eeles Canaries est de 34 %, selon le Cabildo Majorero bas\u00e9 sur les derni\u00e8res donn\u00e9es fournies par le d\u00e9partement du tourisme du [&hellip;]<\/p>\n","protected":false},"author":462,"featured_media":26656,"comment_status":"open","ping_status":"closed","sticky":false,"template":"","format":"standard","meta":{"om_disable_all_campaigns":false,"_monsterinsights_skip_tracking":false,"_monsterinsights_sitenote_active":false,"_monsterinsights_sitenote_note":"","_monsterinsights_sitenote_category":0,"_uf_show_specific_survey":0,"_uf_disable_surveys":false,"footnotes":""},"categories":[212,234],"tags":[332,660],"class_list":["post-57672","post","type-post","status-publish","format-standard","has-post-thumbnail","hentry","category-breaking-news","category-logistique-retail","tag-espagne","tag-tourisme"],"acf":[],"_links":{"self":[{"href":"https:\/\/immo.lecourrier.es\/index.php\/wp-json\/wp\/v2\/posts\/57672","targetHints":{"allow":["GET"]}}],"collection":[{"href":"https:\/\/immo.lecourrier.es\/index.php\/wp-json\/wp\/v2\/posts"}],"about":[{"href":"https:\/\/immo.lecourrier.es\/index.php\/wp-json\/wp\/v2\/types\/post"}],"author":[{"embeddable":true,"href":"https:\/\/immo.lecourrier.es\/index.php\/wp-json\/wp\/v2\/users\/462"}],"replies":[{"embeddable":true,"href":"https:\/\/immo.lecourrier.es\/index.php\/wp-json\/wp\/v2\/comments?post=57672"}],"version-history":[{"count":0,"href":"https:\/\/immo.lecourrier.es\/index.php\/wp-json\/wp\/v2\/posts\/57672\/revisions"}],"wp:featuredmedia":[{"embeddable":true,"href":"https:\/\/immo.lecourrier.es\/index.php\/wp-json\/wp\/v2\/media\/26656"}],"wp:attachment":[{"href":"https:\/\/immo.lecourrier.es\/index.php\/wp-json\/wp\/v2\/media?parent=57672"}],"wp:term":[{"taxonomy":"category","embeddable":true,"href":"https:\/\/immo.lecourrier.es\/index.php\/wp-json\/wp\/v2\/categories?post=57672"},{"taxonomy":"post_tag","embeddable":true,"href":"https:\/\/immo.lecourrier.es\/index.php\/wp-json\/wp\/v2\/tags?post=57672"}],"curies":[{"name":"wp","href":"https:\/\/api.w.org\/{rel}","templated":true}]}}