{"id":57596,"date":"2024-06-15T12:15:11","date_gmt":"2024-06-15T12:15:11","guid":{"rendered":"https:\/\/immo.lecourrier.es\/index.php\/2024\/06\/15\/les-foires-espagnoles-sattendent-a-une-reprise-complete-en-2023\/"},"modified":"2026-03-06T06:35:16","modified_gmt":"2026-03-06T06:35:16","slug":"les-foires-espagnoles-sattendent-a-une-reprise-complete-en-2023","status":"publish","type":"post","link":"https:\/\/immo.lecourrier.es\/index.php\/2024\/06\/15\/les-foires-espagnoles-sattendent-a-une-reprise-complete-en-2023\/","title":{"rendered":"Les foires espagnoles s&rsquo;attendent \u00e0 une reprise compl\u00e8te en 2023"},"content":{"rendered":"<p>L&rsquo;Association des Foires espagnoles (AFE) pr\u00e9voit un \u00ab\u00a0excellent dernier trimestre de l&rsquo;ann\u00e9e pour le secteur\u00a0\u00bb<\/p>\n<p>1 octobre 2022<\/p>\n<p>L&rsquo;AFE souligne le \u00ab\u00a0taux d&rsquo;occupation \u00e9lev\u00e9 au sein du parc des expositions\u00a0\u00bb Le premier semestre 2022 a vu le retour d&rsquo;\u00e9v\u00e9nements importants Le second semestre maintient une dynamique similaire avec 200 autres \u00e9v\u00e9nements.<br \/>L&rsquo;Association des foires espagnoles (AFE) pr\u00e9voit un \u00ab\u00a0excellent dernier trimestre de l&rsquo;ann\u00e9e pour le secteur\u00a0\u00bb, selon un communiqu\u00e9 publi\u00e9 par ladite entit\u00e9. Le secteur se dirige vers une reprise compl\u00e8te en 2023, ajoute le groupe des salons professionnels.<br \/>Selon l&rsquo;AFE, \u00ab\u00a0les premiers salons organis\u00e9s apr\u00e8s les vacances d&rsquo;\u00e9t\u00e9 et la programmation des prochains \u00e9v\u00e9nements dans les diff\u00e9rentes villes espagnoles laissent pr\u00e9sager une p\u00e9riode de quatre mois tr\u00e8s positive\u00a0\u00bb.<\/p>\n<p>L&rsquo;association des foires souligne \u00e9galement que les prochaines foires \u00e0 l&rsquo;ordre du jour pr\u00e9sentent un \u00ab\u00a0fort degr\u00e9 d&rsquo;occupation au sein du parc des expositions\u00a0\u00bb.<br \/>L&rsquo;AFE rappelle que le premier semestre 2022 a marqu\u00e9 le retour d&rsquo;\u00e9v\u00e9nements importants apr\u00e8s deux ans de pand\u00e9mie \u00ab\u00a0et, \u00e0 nouveau, des pavillons pleins d&rsquo;entreprises exposantes et de visiteurs \u00e0 travers les couloirs et sur les stands\u00a0\u00bb.<br \/>En ce sens, l&rsquo;AFE a repr\u00e9sent\u00e9 la c\u00e9l\u00e9bration de plus de 200 salons au total au cours du premier semestre.<\/p>\n<p>La reprise totale du secteur, attendue d&rsquo;ici 2023<\/p>\n<p>\u00ab\u00a0Le deuxi\u00e8me semestre maintient une dynamique similaire avec la pr\u00e9vision de nombreux autres concours. Avec les donn\u00e9es indiqu\u00e9es, l&rsquo;exercice se rapprochera des chiffres enregistr\u00e9s au cours des derni\u00e8res ann\u00e9es pr\u00e9-pand\u00e9miques et la reprise totale du secteur sera atteinte de mani\u00e8re pr\u00e9visible en 2023\u00a0\u00bb.<br \/>Selon le pr\u00e9sident de l&rsquo;AFE, Xabier Basa\u00f1ez, \u00ab\u00a0nous approchons du nombre d&rsquo;\u00e9v\u00e9nements pr\u00e9-pand\u00e9miques et le sentiment des diff\u00e9rents op\u00e9rateurs est tr\u00e8s positif\u00a0\u00bb.<\/p>\n<p>Actuellement, l&rsquo;Association des Foires Espagnoles compte 34 membres associ\u00e9s et repr\u00e9sente 90% de l&rsquo;activit\u00e9 des foires en Espagne.<\/p>\n","protected":false},"excerpt":{"rendered":"<p>L&rsquo;Association des Foires espagnoles (AFE) pr\u00e9voit un \u00ab\u00a0excellent dernier trimestre de l&rsquo;ann\u00e9e pour le secteur\u00a0\u00bb 1 octobre 2022 L&rsquo;AFE souligne le \u00ab\u00a0taux d&rsquo;occupation \u00e9lev\u00e9 au sein du parc des expositions\u00a0\u00bb Le premier semestre 2022 a vu le retour d&rsquo;\u00e9v\u00e9nements importants Le second semestre maintient une dynamique similaire avec 200 autres \u00e9v\u00e9nements.L&rsquo;Association des foires espagnoles (AFE) [&hellip;]<\/p>\n","protected":false},"author":462,"featured_media":26067,"comment_status":"open","ping_status":"closed","sticky":false,"template":"","format":"standard","meta":{"om_disable_all_campaigns":false,"_monsterinsights_skip_tracking":false,"_monsterinsights_sitenote_active":false,"_monsterinsights_sitenote_note":"","_monsterinsights_sitenote_category":0,"_uf_show_specific_survey":0,"_uf_disable_surveys":false,"footnotes":""},"categories":[212,4440],"tags":[],"class_list":["post-57596","post","type-post","status-publish","format-standard","has-post-thumbnail","hentry","category-breaking-news","category-networking"],"acf":[],"_links":{"self":[{"href":"https:\/\/immo.lecourrier.es\/index.php\/wp-json\/wp\/v2\/posts\/57596","targetHints":{"allow":["GET"]}}],"collection":[{"href":"https:\/\/immo.lecourrier.es\/index.php\/wp-json\/wp\/v2\/posts"}],"about":[{"href":"https:\/\/immo.lecourrier.es\/index.php\/wp-json\/wp\/v2\/types\/post"}],"author":[{"embeddable":true,"href":"https:\/\/immo.lecourrier.es\/index.php\/wp-json\/wp\/v2\/users\/462"}],"replies":[{"embeddable":true,"href":"https:\/\/immo.lecourrier.es\/index.php\/wp-json\/wp\/v2\/comments?post=57596"}],"version-history":[{"count":0,"href":"https:\/\/immo.lecourrier.es\/index.php\/wp-json\/wp\/v2\/posts\/57596\/revisions"}],"wp:featuredmedia":[{"embeddable":true,"href":"https:\/\/immo.lecourrier.es\/index.php\/wp-json\/wp\/v2\/media\/26067"}],"wp:attachment":[{"href":"https:\/\/immo.lecourrier.es\/index.php\/wp-json\/wp\/v2\/media?parent=57596"}],"wp:term":[{"taxonomy":"category","embeddable":true,"href":"https:\/\/immo.lecourrier.es\/index.php\/wp-json\/wp\/v2\/categories?post=57596"},{"taxonomy":"post_tag","embeddable":true,"href":"https:\/\/immo.lecourrier.es\/index.php\/wp-json\/wp\/v2\/tags?post=57596"}],"curies":[{"name":"wp","href":"https:\/\/api.w.org\/{rel}","templated":true}]}}