{"id":54650,"date":"2024-05-14T00:45:10","date_gmt":"2024-05-14T00:45:10","guid":{"rendered":"https:\/\/immo.lecourrier.es\/index.php\/2024\/05\/14\/quelle-est-la-destination-nationale-la-plus-populaire-en-septembre-et-octobre\/"},"modified":"2026-03-06T07:20:44","modified_gmt":"2026-03-06T07:20:44","slug":"quelle-est-la-destination-nationale-la-plus-populaire-en-septembre-et-octobre","status":"publish","type":"post","link":"https:\/\/immo.lecourrier.es\/index.php\/2024\/05\/14\/quelle-est-la-destination-nationale-la-plus-populaire-en-septembre-et-octobre\/","title":{"rendered":"Quelle est la destination nationale la plus populaire en septembre et octobre ?"},"content":{"rendered":"<p><em>Voyager en automne est une tendance croissante ces derni\u00e8res ann\u00e9es, selon les donn\u00e9es d&rsquo;une analyse r\u00e9alis\u00e9e par l&rsquo;agence de voyage en ligne Rumbo. En 2022, Majorque est en t\u00eate du classement des destinations les plus populaires pour ces dates.<\/em><\/p>\n<p>Hosteltur, 28 ao\u00fbt 2022<\/p>\n<p>Selon l&rsquo;OTA, 48 % des r\u00e9servations g\u00e9r\u00e9es par son portail web au cours des semaines 32 et 33 &#8211; c&rsquo;est-\u00e0-dire la deuxi\u00e8me et la troisi\u00e8me semaine d&rsquo;ao\u00fbt &#8211; correspondent \u00e0 des voyages ou \u00e0 des escapades pour les mois de septembre et d&rsquo;octobre, Majorque \u00e9tant la destination la plus populaire pour ces dates &#8211; suivie de Tenerife, Lanzarote, Gran Canaria et Minorque dans cet ordre.<\/p>\n<p>Les voyages en septembre et octobre sont une tendance croissante, notamment chez les couples, qui repr\u00e9sentent 60 % de ces r\u00e9servations, avec un investissement moyen de 1.010 \u20ac pour 5 jours, et avec 46 % de choix d&rsquo;h\u00f4tels 4 ou 5 \u00e9toiles. Un climat de plus en plus doux, une moindre surpopulation dans les sites touristiques, la tranquillit\u00e9 d&rsquo;esprit de pouvoir planifier avec moins de pr\u00e9voyance et des prix notamment plus comp\u00e9titifs font partie des avantages de voyager dans les mois \u00e0 venir.<\/p>\n<p>Source <a href=\"https:\/\/www.hosteltur.com\/153088_los-viajes-en-tren-por-francia-suben-este-verano-un-10-respecto-a-2019.html\" target=\"_blank\" rel=\"noreferrer noopener\">Hosteltur<\/a><\/p>\n","protected":false},"excerpt":{"rendered":"<p>Voyager en automne est une tendance croissante ces derni\u00e8res ann\u00e9es, selon les donn\u00e9es d&rsquo;une analyse r\u00e9alis\u00e9e par l&rsquo;agence de voyage en ligne Rumbo. En 2022, Majorque est en t\u00eate du classement des destinations les plus populaires pour ces dates. Hosteltur, 28 ao\u00fbt 2022 Selon l&rsquo;OTA, 48 % des r\u00e9servations g\u00e9r\u00e9es par son portail web au [&hellip;]<\/p>\n","protected":false},"author":462,"featured_media":26419,"comment_status":"open","ping_status":"closed","sticky":false,"template":"","format":"standard","meta":{"om_disable_all_campaigns":false,"_monsterinsights_skip_tracking":false,"_monsterinsights_sitenote_active":false,"_monsterinsights_sitenote_note":"","_monsterinsights_sitenote_category":0,"_uf_show_specific_survey":0,"_uf_disable_surveys":false,"footnotes":""},"categories":[212],"tags":[],"class_list":["post-54650","post","type-post","status-publish","format-standard","has-post-thumbnail","hentry","category-breaking-news"],"acf":[],"_links":{"self":[{"href":"https:\/\/immo.lecourrier.es\/index.php\/wp-json\/wp\/v2\/posts\/54650","targetHints":{"allow":["GET"]}}],"collection":[{"href":"https:\/\/immo.lecourrier.es\/index.php\/wp-json\/wp\/v2\/posts"}],"about":[{"href":"https:\/\/immo.lecourrier.es\/index.php\/wp-json\/wp\/v2\/types\/post"}],"author":[{"embeddable":true,"href":"https:\/\/immo.lecourrier.es\/index.php\/wp-json\/wp\/v2\/users\/462"}],"replies":[{"embeddable":true,"href":"https:\/\/immo.lecourrier.es\/index.php\/wp-json\/wp\/v2\/comments?post=54650"}],"version-history":[{"count":0,"href":"https:\/\/immo.lecourrier.es\/index.php\/wp-json\/wp\/v2\/posts\/54650\/revisions"}],"wp:featuredmedia":[{"embeddable":true,"href":"https:\/\/immo.lecourrier.es\/index.php\/wp-json\/wp\/v2\/media\/26419"}],"wp:attachment":[{"href":"https:\/\/immo.lecourrier.es\/index.php\/wp-json\/wp\/v2\/media?parent=54650"}],"wp:term":[{"taxonomy":"category","embeddable":true,"href":"https:\/\/immo.lecourrier.es\/index.php\/wp-json\/wp\/v2\/categories?post=54650"},{"taxonomy":"post_tag","embeddable":true,"href":"https:\/\/immo.lecourrier.es\/index.php\/wp-json\/wp\/v2\/tags?post=54650"}],"curies":[{"name":"wp","href":"https:\/\/api.w.org\/{rel}","templated":true}]}}