{"id":54586,"date":"2024-05-13T20:55:08","date_gmt":"2024-05-13T20:55:08","guid":{"rendered":"https:\/\/immo.lecourrier.es\/index.php\/2024\/05\/13\/lanzadera-parie-sur-limmobilier-dans-sa-derniere-selection-de-start-ups\/"},"modified":"2026-03-06T03:29:06","modified_gmt":"2026-03-06T03:29:06","slug":"lanzadera-parie-sur-limmobilier-dans-sa-derniere-selection-de-start-ups","status":"publish","type":"post","link":"https:\/\/immo.lecourrier.es\/index.php\/2024\/05\/13\/lanzadera-parie-sur-limmobilier-dans-sa-derniere-selection-de-start-ups\/","title":{"rendered":"Lanzadera parie sur l&rsquo;immobilier dans sa derni\u00e8re s\u00e9lection de &lsquo;start ups&rsquo;"},"content":{"rendered":"<p>Un minimum de huit initiatives du secteur de l&rsquo;immobilier et de la proptech ont \u00e9t\u00e9 s\u00e9lectionn\u00e9es dans le nouveau lot de l&rsquo;acc\u00e9l\u00e9rateur de Juan Roig, pr\u00e9sident et propri\u00e9taire de Mercadona.<\/p>\n<p>Navette janvier 2022 Juan Roig investit dans l&rsquo;immobilier. L&rsquo;acc\u00e9l\u00e9rateur promu par le pr\u00e9sident de Mercadona, Juan Roig, <strong>a choisi 120 start-ups pour faire partie du prochain tour d&rsquo;investissement<\/strong> \u00e0 r\u00e9aliser en janvier, parmi lesquelles diverses initiatives dans le secteur de l&rsquo;immobilier et de la proptech.<\/p>\n<p>Parmi les plus remarquables, citons Bandora, une gestion des installations qui transforme un b\u00e2timent intelligent en un b\u00e2timent autonome; Deleite Wear, une solution d&rsquo;\u00e9conomie circulaire pour habiller les h\u00f4tels avec leurs d\u00e9chets textiles; Designable, une plateforme qui permet aux particuliers de promouvoir facilement des b\u00e2timents \u00e0 la demande; Equito, une entreprise qui permet d&rsquo;acc\u00e9der au march\u00e9 immobilier via la blockchain; Erasmus Play, un comparateur de logements \u00e9tudiants dans plus de 500 villes; Hardman, qui facilite le chargement et le d\u00e9chargement avec les prestataires logistiques; Lodgerin, logement \u00e9tudiant en Europe, et TribuApp, une plateforme qui permet de louer des bureaux.<\/p>\n<p>De mani\u00e8re g\u00e9n\u00e9rale, les entreprises s\u00e9lectionn\u00e9es <strong>se caract\u00e9risent par l&rsquo;innovation dans des secteurs tels que le sport, l&rsquo;immobilier, l&rsquo;\u00e9nergie, l&rsquo;alimentation et la mode.<\/strong> De plus, quinze des entreprises s\u00e9lectionn\u00e9es sont originaires du Portugal. Les \u00e9quipes s\u00e9lectionn\u00e9es pourront recevoir entre 1.000 euros et 500.000 euros d&rsquo;aides, selon les besoins de chaque entreprise.<\/p>\n<p>Javier Jim\u00e9nez, PDG de Lanzadera, a assur\u00e9 que \u00ab\u00a0le Portugal nous a agr\u00e9ablement surpris par la qualit\u00e9 des entrepreneurs et de leurs projets\u00a0\u00bb. En outre, il a ajout\u00e9 que \u00ab\u00a0les entreprises s\u00e9lectionn\u00e9es dans cet appel <strong>proposent des solutions technologiques diff\u00e9rentielles qui les positionnent strat\u00e9giquement<\/strong> sur le march\u00e9\u00a0\u00bb. <\/p>\n<p><strong>Lanzadera a investi vingt millions d&rsquo;euros dans des \u00ab\u00a0start ups\u00a0\u00bb depuis son lancement en 2013<\/strong><\/p>\n<p>Le programme auquel les entreprises s\u00e9lectionn\u00e9es font partie comprend quatre phases\u00a0: la phase Scale Up est destin\u00e9e aux entreprises matures qui ont besoin d&rsquo;investissements pour pouvoir se d\u00e9velopper et atteindre de nouveaux objectifs: la phase Croissance, qui favorise les entreprises qui poursuivent une croissance rapide; la phase Traction, centr\u00e9e sur la phase initiale ; et la phase de d\u00e9marrage, con\u00e7ue pour les entrepreneurs qui sont encore en train de d\u00e9finir leur projet et leur entreprise. Depuis sa cr\u00e9ation en 2013,<strong> Lanzadera a accompagn\u00e9 environ 900 start-up, apportant plus de vingt millions d&rsquo;euros de financement en pr\u00eats, <\/strong>qui ont g\u00e9n\u00e9r\u00e9 7.400 emplois directs et des investissements externes de plus de 373 millions d&rsquo;euros.<\/p>\n","protected":false},"excerpt":{"rendered":"<p>Un minimum de huit initiatives du secteur de l&rsquo;immobilier et de la proptech ont \u00e9t\u00e9 s\u00e9lectionn\u00e9es dans le nouveau lot de l&rsquo;acc\u00e9l\u00e9rateur de Juan Roig, pr\u00e9sident et propri\u00e9taire de Mercadona. Navette janvier 2022 Juan Roig investit dans l&rsquo;immobilier. L&rsquo;acc\u00e9l\u00e9rateur promu par le pr\u00e9sident de Mercadona, Juan Roig, a choisi 120 start-ups pour faire partie du [&hellip;]<\/p>\n","protected":false},"author":462,"featured_media":25238,"comment_status":"open","ping_status":"closed","sticky":false,"template":"","format":"standard","meta":{"om_disable_all_campaigns":false,"_monsterinsights_skip_tracking":false,"_monsterinsights_sitenote_active":false,"_monsterinsights_sitenote_note":"","_monsterinsights_sitenote_category":0,"_uf_show_specific_survey":0,"_uf_disable_surveys":false,"footnotes":""},"categories":[212,4440],"tags":[],"class_list":["post-54586","post","type-post","status-publish","format-standard","has-post-thumbnail","hentry","category-breaking-news","category-networking"],"acf":[],"_links":{"self":[{"href":"https:\/\/immo.lecourrier.es\/index.php\/wp-json\/wp\/v2\/posts\/54586","targetHints":{"allow":["GET"]}}],"collection":[{"href":"https:\/\/immo.lecourrier.es\/index.php\/wp-json\/wp\/v2\/posts"}],"about":[{"href":"https:\/\/immo.lecourrier.es\/index.php\/wp-json\/wp\/v2\/types\/post"}],"author":[{"embeddable":true,"href":"https:\/\/immo.lecourrier.es\/index.php\/wp-json\/wp\/v2\/users\/462"}],"replies":[{"embeddable":true,"href":"https:\/\/immo.lecourrier.es\/index.php\/wp-json\/wp\/v2\/comments?post=54586"}],"version-history":[{"count":0,"href":"https:\/\/immo.lecourrier.es\/index.php\/wp-json\/wp\/v2\/posts\/54586\/revisions"}],"wp:featuredmedia":[{"embeddable":true,"href":"https:\/\/immo.lecourrier.es\/index.php\/wp-json\/wp\/v2\/media\/25238"}],"wp:attachment":[{"href":"https:\/\/immo.lecourrier.es\/index.php\/wp-json\/wp\/v2\/media?parent=54586"}],"wp:term":[{"taxonomy":"category","embeddable":true,"href":"https:\/\/immo.lecourrier.es\/index.php\/wp-json\/wp\/v2\/categories?post=54586"},{"taxonomy":"post_tag","embeddable":true,"href":"https:\/\/immo.lecourrier.es\/index.php\/wp-json\/wp\/v2\/tags?post=54586"}],"curies":[{"name":"wp","href":"https:\/\/api.w.org\/{rel}","templated":true}]}}