{"id":54558,"date":"2024-05-13T18:40:08","date_gmt":"2024-05-13T18:40:08","guid":{"rendered":"https:\/\/immo.lecourrier.es\/index.php\/2024\/05\/13\/les-3-seules-zones-de-madrid-ou-le-prix-des-loyers-a-baisse\/"},"modified":"2026-03-06T01:30:12","modified_gmt":"2026-03-06T01:30:12","slug":"les-3-seules-zones-de-madrid-ou-le-prix-des-loyers-a-baisse","status":"publish","type":"post","link":"https:\/\/immo.lecourrier.es\/index.php\/2024\/05\/13\/les-3-seules-zones-de-madrid-ou-le-prix-des-loyers-a-baisse\/","title":{"rendered":"Les 3 seules zones de Madrid o\u00f9 le prix des loyers a baiss\u00e9"},"content":{"rendered":"<p>Ignacio Garc\u00eda<br \/>07\/03\/2023<\/p>\n<p>Le prix des loyers \u00e0 Madrid a augment\u00e9 de 14 % l&rsquo;ann\u00e9e derni\u00e8re, pour atteindre 16,8 euros par m\u00e8tre carr\u00e9 et par mois. En outre, il a augment\u00e9 de 2,6 % au cours des trois derniers mois.<\/p>\n<p>Actuellement, la location d&rsquo;un bien immobilier dans cette ville qui compte environ 3,3 millions d&rsquo;habitants co\u00fbte en moyenne 1 596 euros par mois, car les appartements ou les maisons \u00e0 louer ont une superficie d&rsquo;environ 95 m\u00e8tres carr\u00e9s.<\/p>\n<p>Si vous voulez conna\u00eetre toutes les donn\u00e9es, acc\u00e9dez gratuitement \u00e0 la plateforme de big data immobili\u00e8re Brainsre.<\/p>\n<p>Cependant, cette hausse des loyers n&rsquo;a pas \u00e9t\u00e9 la m\u00eame dans tous les quartiers de Madrid. En effet, si dans certains quartiers comme Barajas, Chamber\u00ed, Centro, Retiro, Villa de Vallecas et Tetu\u00e1n, les prix ont augment\u00e9 de plus de 5 % au cours du dernier trimestre, dans d&rsquo;autres ils ont baiss\u00e9.<\/p>\n<p>Dans quels trois quartiers de Madrid les loyers ont-ils baiss\u00e9 ces derniers mois ?<\/p>\n<p><strong>3- Moratalaz<\/strong><\/p>\n<p>Le prix des loyers \u00e0 Moratalaz, dans le sud-est de Madrid, a baiss\u00e9 de 0,2% au cours des trois derniers mois, pour atteindre 11,6 euros par m\u00e8tre carr\u00e9 et par mois. Cependant, en glissement annuel, il a grimp\u00e9 de 10%, selon les donn\u00e9es de Brainsre.<\/p>\n<p>Dans ce district, qui est administrativement divis\u00e9 en quartiers de Pavones, Horcajo, Marroquina, Media Legua, Fontarr\u00f3n et Vinateros, la location d&rsquo;un logement co\u00fbte 966 euros par mois, car les maisons ou appartements \u00e0 louer mesurent un peu plus de 83 m\u00e8tres carr\u00e9s.<\/p>\n<p>Le d\u00e9lai de publication, c&rsquo;est-\u00e0-dire la p\u00e9riode qu&rsquo;un bien passe sur le march\u00e9 jusqu&rsquo;\u00e0 ce qu&rsquo;il soit lou\u00e9, est de 2,3 mois, soit 12,2 % de plus qu&rsquo;il y a un an et 1,1 % de plus qu&rsquo;il y a trois mois.<\/p>\n<p>En ce qui concerne les types de propri\u00e9t\u00e9s \u00e0 louer \u00e0 Moratalaz, il convient de noter que 58,5% de l&rsquo;offre sont des appartements de trois chambres \u00e0 coucher, qui ont une superficie moyenne de 89 m\u00e8tres carr\u00e9s et un prix approximatif de 991 euros par mois. Viennent ensuite les appartements de deux chambres \u00e0 coucher (28,7 % de l&rsquo;offre), qui mesurent 70 m\u00e8tres carr\u00e9s et co\u00fbtent 931 euros par mois, et les appartements de quatre chambres \u00e0 coucher (5,9 %), qui ont une superficie de 112 m\u00e8tres carr\u00e9s et un prix de 1 084 euros par mois.<\/p>\n<p><strong>2- Villaverde<\/strong><\/p>\n<p>Pour sa part, le prix du loyer dans le district de Villaverde a baiss\u00e9 de 0,5% en comparaison trimestrielle, \u00e9galement \u00e0 11,6 euros par m\u00e8tre carr\u00e9 et par mois. En revanche, il a augment\u00e9 de 9 % en termes annuels.<\/p>\n<p>Concr\u00e8tement, dans cette zone du sud de Madrid, la location d&rsquo;un bien immobilier co\u00fbte, en moyenne, 827 euros par mois, car les appartements ou maisons \u00e0 louer mesurent environ 72 m\u00e8tres carr\u00e9s.<\/p>\n<p>Le d\u00e9lai de publication \u00e0 Villaverde, compos\u00e9 des quartiers de Villaverde Alto, San Crist\u00f3bal, Butarque, Los Rosales et Los \u00c1ngeles, est de 2,1 mois, soit 6 % de plus en un an et 1 % de plus en un trimestre.<br \/>En ce qui concerne les types de logements \u00e0 louer, il convient de noter que 40,8% de l&rsquo;offre sont des appartements de deux chambres \u00e0 coucher, qui ont une superficie de 72 m\u00e8tres carr\u00e9s et un prix de 823 euros par mois. Viennent ensuite les appartements de trois chambres (39,7 % de l&rsquo;offre), avec 73 m\u00e8tres carr\u00e9s et un prix de 836 euros par mois, et les appartements d&rsquo;une chambre (12,3 %), qui mesurent 59 m\u00e8tres carr\u00e9s et co\u00fbtent 756 euros par mois.<\/p>\n<p><strong>1- Usera<\/strong><\/p>\n<p>Usera, au nord de Villaverde, est le quartier de Madrid o\u00f9 les prix de location ont le plus baiss\u00e9 ces derniers mois. Concr\u00e8tement, la location d&rsquo;un bien dans cette zone co\u00fbte 12,3 euros par m\u00e8tre carr\u00e9 et par mois, soit 4,1% de moins qu&rsquo;au trimestre pr\u00e9c\u00e9dent. Cependant, le prix a augment\u00e9 de 5,5% en taux annuel, selon les donn\u00e9es de la plateforme de big data immobili\u00e8re Brainsre.<\/p>\n<p>\u00e9volution du prix du p 6<br \/>\u00c0 Usera, qui se divise en plusieurs quartiers : Orcasitas, Orcasur, San Ferm\u00edn, Almendrales, Moscard\u00f3, Zof\u00edo et Pradolongo, le loyer mensuel atteint 879 euros, car les logements \u00e0 louer ont une superficie de pr\u00e8s de 72 m\u00e8tres carr\u00e9s.<\/p>\n<p>De m\u00eame, le d\u00e9lai de publication s&rsquo;\u00e9l\u00e8ve \u00e0 2,4 mois, ce qui repr\u00e9sente une augmentation annuelle de 14,4 % et une augmentation trimestrielle de 5,1 %.<\/p>\n<p>Enfin, en ce qui concerne les types de logements \u00e0 louer \u00e0 Usera, il convient de noter que 37,6% de l&rsquo;offre sont des appartements de deux chambres \u00e0 coucher, avec 68 m\u00e8tres carr\u00e9s et un prix de 870 euros par mois. Viennent ensuite les appartements de trois chambres (31,3% de l&rsquo;offre), qui mesurent 86 m\u00e8tres carr\u00e9s et co\u00fbtent 962 euros par mois, et les appartements d&rsquo;une chambre (18,5%), qui mesurent 48 m\u00e8tres carr\u00e9s et co\u00fbtent 761 euros par mois.<\/p>\n","protected":false},"excerpt":{"rendered":"<p>Ignacio Garc\u00eda07\/03\/2023 Le prix des loyers \u00e0 Madrid a augment\u00e9 de 14 % l&rsquo;ann\u00e9e derni\u00e8re, pour atteindre 16,8 euros par m\u00e8tre carr\u00e9 et par mois. En outre, il a augment\u00e9 de 2,6 % au cours des trois derniers mois. Actuellement, la location d&rsquo;un bien immobilier dans cette ville qui compte environ 3,3 millions d&rsquo;habitants co\u00fbte [&hellip;]<\/p>\n","protected":false},"author":462,"featured_media":24674,"comment_status":"open","ping_status":"closed","sticky":false,"template":"","format":"standard","meta":{"om_disable_all_campaigns":false,"_monsterinsights_skip_tracking":false,"_monsterinsights_sitenote_active":false,"_monsterinsights_sitenote_note":"","_monsterinsights_sitenote_category":0,"_uf_show_specific_survey":0,"_uf_disable_surveys":false,"footnotes":""},"categories":[212],"tags":[],"class_list":["post-54558","post","type-post","status-publish","format-standard","has-post-thumbnail","hentry","category-breaking-news"],"acf":[],"_links":{"self":[{"href":"https:\/\/immo.lecourrier.es\/index.php\/wp-json\/wp\/v2\/posts\/54558","targetHints":{"allow":["GET"]}}],"collection":[{"href":"https:\/\/immo.lecourrier.es\/index.php\/wp-json\/wp\/v2\/posts"}],"about":[{"href":"https:\/\/immo.lecourrier.es\/index.php\/wp-json\/wp\/v2\/types\/post"}],"author":[{"embeddable":true,"href":"https:\/\/immo.lecourrier.es\/index.php\/wp-json\/wp\/v2\/users\/462"}],"replies":[{"embeddable":true,"href":"https:\/\/immo.lecourrier.es\/index.php\/wp-json\/wp\/v2\/comments?post=54558"}],"version-history":[{"count":0,"href":"https:\/\/immo.lecourrier.es\/index.php\/wp-json\/wp\/v2\/posts\/54558\/revisions"}],"wp:featuredmedia":[{"embeddable":true,"href":"https:\/\/immo.lecourrier.es\/index.php\/wp-json\/wp\/v2\/media\/24674"}],"wp:attachment":[{"href":"https:\/\/immo.lecourrier.es\/index.php\/wp-json\/wp\/v2\/media?parent=54558"}],"wp:term":[{"taxonomy":"category","embeddable":true,"href":"https:\/\/immo.lecourrier.es\/index.php\/wp-json\/wp\/v2\/categories?post=54558"},{"taxonomy":"post_tag","embeddable":true,"href":"https:\/\/immo.lecourrier.es\/index.php\/wp-json\/wp\/v2\/tags?post=54558"}],"curies":[{"name":"wp","href":"https:\/\/api.w.org\/{rel}","templated":true}]}}