{"id":54555,"date":"2024-05-13T18:30:34","date_gmt":"2024-05-13T18:30:34","guid":{"rendered":"https:\/\/immo.lecourrier.es\/index.php\/2024\/05\/13\/le-district-quitte-barcelone-et-demenage-a-lhospitalet-faute-de-soutien-institutionnel\/"},"modified":"2026-03-06T01:20:34","modified_gmt":"2026-03-06T01:20:34","slug":"le-district-quitte-barcelone-et-demenage-a-lhospitalet-faute-de-soutien-institutionnel","status":"publish","type":"post","link":"https:\/\/immo.lecourrier.es\/index.php\/2024\/05\/13\/le-district-quitte-barcelone-et-demenage-a-lhospitalet-faute-de-soutien-institutionnel\/","title":{"rendered":"Le District quitte Barcelone et d\u00e9m\u00e9nage \u00e0 L&rsquo;Hospitalet faute de soutien institutionnel"},"content":{"rendered":"<p>8 mars 2023, 15:27<\/p>\n<p>Le District quitte Barcelone, m\u00eame s&rsquo;il ne va pas tr\u00e8s loin. Le salon de l&rsquo;immobilier organis\u00e9 par Next Business Exibitions (Nebext) dans la capitale catalane changera de lieu cette ann\u00e9e. La foire quittera le site de la Fira de Barcelona Montju\u00efc pour se tenir dans les pavillons de l&rsquo;institution \u00e0 L&rsquo;Hospitalet de Llobregat en raison du \u00ab\u00a0manque de soutien institutionnel\u00a0\u00bb.<\/p>\n<p>\u00ab\u00a0Le manque de soutien institutionnel que nous recevons n&rsquo;est pas anodin, mais nous le circonscrivons \u00e0 Barcelone et aux efforts inexacts de son conseil municipal\u00a0\u00bb, a expliqu\u00e9 Juan Velayos, pr\u00e9sident de The District. Chez les organisateurs du meeting et, en g\u00e9n\u00e9ral, chez le secteur, la contestation devenue rare le premier jour de la derni\u00e8re \u00e9dition reste dans les m\u00e9moires.<\/p>\n<p>Ainsi, The District tiendra sa deuxi\u00e8me \u00e9dition cette ann\u00e9e du 20 au 22 septembre au stade Gran Via de la Fira de Barcelona, \u200b\u200b\u200b\u200bdans la municipalit\u00e9 de L&rsquo;Hospitalet. Le salon s&rsquo;attend \u00e0 r\u00e9unir huit mille participants, soit un millier de professionnels de plus que la derni\u00e8re \u00e9dition.<\/p>\n<p>Sur le nombre total de congressistes l&rsquo;an dernier, 62% \u00e9taient internationaux et, pour l&rsquo;\u00e9dition de cette ann\u00e9e, on s&rsquo;attend \u00e0 ce que la pr\u00e9sence de participants \u00e9trangers augmente. Nebext a r\u00e9serv\u00e9 un total de 14 000 m\u00e8tres carr\u00e9s sur le site de Gran Via pour l&rsquo;\u00e9v\u00e9nement.<\/p>\n<p>Le salon aspire \u00e0 prendre pied parmi les salons professionnels europ\u00e9ens ax\u00e9s sur l&rsquo;immobilier, bien qu&rsquo;avec un accent clair sur le segment de l&rsquo;investissement, comme le Mipim \u00e0 Cannes ou l&rsquo;Expo Real (Munich) : le d\u00e9veloppement des structures du march\u00e9 des capitaux, la valeur que la conformit\u00e9 avec les crit\u00e8res ESG et la transformation que connaissent les classes d&rsquo;actifs traditionnelles. De plus, l&rsquo;application des nouvelles technologies dans les projets immobiliers jouera \u00e9galement un r\u00f4le de premier plan dans l&rsquo;\u00e9v\u00e9nement.<\/p>\n","protected":false},"excerpt":{"rendered":"<p>8 mars 2023, 15:27 Le District quitte Barcelone, m\u00eame s&rsquo;il ne va pas tr\u00e8s loin. Le salon de l&rsquo;immobilier organis\u00e9 par Next Business Exibitions (Nebext) dans la capitale catalane changera de lieu cette ann\u00e9e. La foire quittera le site de la Fira de Barcelona Montju\u00efc pour se tenir dans les pavillons de l&rsquo;institution \u00e0 L&rsquo;Hospitalet [&hellip;]<\/p>\n","protected":false},"author":462,"featured_media":24649,"comment_status":"open","ping_status":"closed","sticky":false,"template":"","format":"standard","meta":{"om_disable_all_campaigns":false,"_monsterinsights_skip_tracking":false,"_monsterinsights_sitenote_active":false,"_monsterinsights_sitenote_note":"","_monsterinsights_sitenote_category":0,"_uf_show_specific_survey":0,"_uf_disable_surveys":false,"footnotes":""},"categories":[212],"tags":[],"class_list":["post-54555","post","type-post","status-publish","format-standard","has-post-thumbnail","hentry","category-breaking-news"],"acf":[],"_links":{"self":[{"href":"https:\/\/immo.lecourrier.es\/index.php\/wp-json\/wp\/v2\/posts\/54555","targetHints":{"allow":["GET"]}}],"collection":[{"href":"https:\/\/immo.lecourrier.es\/index.php\/wp-json\/wp\/v2\/posts"}],"about":[{"href":"https:\/\/immo.lecourrier.es\/index.php\/wp-json\/wp\/v2\/types\/post"}],"author":[{"embeddable":true,"href":"https:\/\/immo.lecourrier.es\/index.php\/wp-json\/wp\/v2\/users\/462"}],"replies":[{"embeddable":true,"href":"https:\/\/immo.lecourrier.es\/index.php\/wp-json\/wp\/v2\/comments?post=54555"}],"version-history":[{"count":0,"href":"https:\/\/immo.lecourrier.es\/index.php\/wp-json\/wp\/v2\/posts\/54555\/revisions"}],"wp:featuredmedia":[{"embeddable":true,"href":"https:\/\/immo.lecourrier.es\/index.php\/wp-json\/wp\/v2\/media\/24649"}],"wp:attachment":[{"href":"https:\/\/immo.lecourrier.es\/index.php\/wp-json\/wp\/v2\/media?parent=54555"}],"wp:term":[{"taxonomy":"category","embeddable":true,"href":"https:\/\/immo.lecourrier.es\/index.php\/wp-json\/wp\/v2\/categories?post=54555"},{"taxonomy":"post_tag","embeddable":true,"href":"https:\/\/immo.lecourrier.es\/index.php\/wp-json\/wp\/v2\/tags?post=54555"}],"curies":[{"name":"wp","href":"https:\/\/api.w.org\/{rel}","templated":true}]}}