{"id":52320,"date":"2024-05-10T23:25:17","date_gmt":"2024-05-10T23:25:17","guid":{"rendered":"https:\/\/immo.lecourrier.es\/index.php\/2024\/05\/10\/le-nord-de-lespagne-sallie-pour-devenir-une-destination-unique\/"},"modified":"2026-03-02T15:20:35","modified_gmt":"2026-03-02T15:20:35","slug":"le-nord-de-lespagne-sallie-pour-devenir-une-destination-unique","status":"publish","type":"post","link":"https:\/\/immo.lecourrier.es\/index.php\/2024\/05\/10\/le-nord-de-lespagne-sallie-pour-devenir-une-destination-unique\/","title":{"rendered":"Le nord de l&rsquo;Espagne s&rsquo;allie pour devenir une destination unique"},"content":{"rendered":"<p class=\"long\"><strong>Les patrons des entreprises touristiques de Galice, des Asturies, de Cantabrie et du Pays basque se sont alli\u00e9s et ont officiellement constitu\u00e9 la plateforme \u00ab\u00a0La fuerza del Norte\u00a0\u00bb \u00e0 partir de laquelle ils vont promouvoir le tourisme dans les communaut\u00e9s autonomes du nord de l&rsquo;Espagne et vendre leur offre touristique sur un seul territoire. (Hotelstur)<\/strong><\/p>\n<p class=\"long\"><span class=\"times-dropcap\">L<\/span>\u2019initiative a \u00e9t\u00e9 lanc\u00e9e, selon des m\u00e9dias locaux tels que<em> Faro de Vigo<\/em> \u00e0 l\u2019issue d\u2019une r\u00e9union tenue le week-end dernier dans un h\u00f4tel de Lugo avec <strong>des pr\u00e9sidents et repr\u00e9sentants d\u2019employeurs et d\u2019entreprises de Saint-Jacques-de-Compostelle, La coro\u00f1e, Cantabrie, Asturies, Vizcaya et Guip\u00fazcoa.<\/strong> Il a \u00e9galement b\u00e9n\u00e9fici\u00e9 de l&rsquo;assistance du pr\u00e9sident et du secr\u00e9taire g\u00e9n\u00e9ral de la <strong>Conf\u00e9d\u00e9ration des entreprises de l&rsquo;h\u00f4tellerie d&rsquo;Espagne, Jos\u00e9 Luis Yzuel et Emilio Gallego.<\/strong>\u00a0Etait \u00e9galement pr\u00e9sent \u00e0 cette occasion le pr\u00e9sident de l&rsquo;association provinciale des entrepreneurs de l&rsquo;h\u00f4tellerie et du tourisme de Lugo, Chech\u00e9 Real.<\/p>\n<p>Les employeurs ont soulign\u00e9 que; consid\u00e9r\u00e9s comme une seule r\u00e9gion du secteur du tourisme, avec <strong>plus de 202 500 emplois parmi les salari\u00e9s et les travailleurs ind\u00e9pendants des sous-secteurs de l\u2019h\u00f4tellerie, de la restauration et du logement,<\/strong> ils deviendraient la quatri\u00e8me communaut\u00e9 de destination de vacances. Andalousie, Catalogne et Madrid.<\/p>\n<p>L&rsquo;un des premiers objectifs propos\u00e9s est de <strong>renforcer l&rsquo;offre du Chemin de Santiago en promouvant au niveau international le projet \u00ab\u00a0P\u00e8lerins du Nord d&rsquo;un h\u00f4tel \u00e0 l&rsquo;autre\u00a0\u00bb<\/strong>. Cette initiative sera d\u00e9velopp\u00e9e conjointement avec un voyagiste sp\u00e9cialis\u00e9 dans les randonn\u00e9es qui int\u00e9grera l\u2019offre d\u2019h\u00f4tels avec des services destin\u00e9s aux p\u00e8lerins et aux touristes qui y font le chemin, ainsi qu\u2019aux entreprises proposant des services compl\u00e9mentaires.<\/p>\n<p>Source et suite: <a href=\"https:\/\/www.hosteltur.com\/129313_el-norte-de-espana-se-alia-para-promocionarse-como-un-solo-destino.html\">Hotelstur<\/a><\/p>\n","protected":false},"excerpt":{"rendered":"<p>Les patrons des entreprises touristiques de Galice, des Asturies, de Cantabrie et du Pays basque se sont alli\u00e9s et ont officiellement constitu\u00e9 la plateforme \u00ab\u00a0La fuerza del Norte\u00a0\u00bb \u00e0 partir de laquelle ils vont promouvoir le tourisme dans les communaut\u00e9s autonomes du nord de l&rsquo;Espagne et vendre leur offre touristique sur un seul territoire. (Hotelstur) [&hellip;]<\/p>\n","protected":false},"author":462,"featured_media":36266,"comment_status":"open","ping_status":"closed","sticky":false,"template":"","format":"standard","meta":{"om_disable_all_campaigns":false,"_monsterinsights_skip_tracking":false,"_monsterinsights_sitenote_active":false,"_monsterinsights_sitenote_note":"","_monsterinsights_sitenote_category":0,"_uf_show_specific_survey":0,"_uf_disable_surveys":false,"footnotes":""},"categories":[247,212],"tags":[2190,2191,799,2192,2193,1480,660],"class_list":["post-52320","post","type-post","status-publish","format-standard","has-post-thumbnail","hentry","category-autonomie","category-breaking-news","tag-communaute","tag-confederation-des-entreprises","tag-hotellerie","tag-la-fuerza-del-norte","tag-pelerins-du-nord","tag-services","tag-tourisme"],"acf":[],"_links":{"self":[{"href":"https:\/\/immo.lecourrier.es\/index.php\/wp-json\/wp\/v2\/posts\/52320","targetHints":{"allow":["GET"]}}],"collection":[{"href":"https:\/\/immo.lecourrier.es\/index.php\/wp-json\/wp\/v2\/posts"}],"about":[{"href":"https:\/\/immo.lecourrier.es\/index.php\/wp-json\/wp\/v2\/types\/post"}],"author":[{"embeddable":true,"href":"https:\/\/immo.lecourrier.es\/index.php\/wp-json\/wp\/v2\/users\/462"}],"replies":[{"embeddable":true,"href":"https:\/\/immo.lecourrier.es\/index.php\/wp-json\/wp\/v2\/comments?post=52320"}],"version-history":[{"count":0,"href":"https:\/\/immo.lecourrier.es\/index.php\/wp-json\/wp\/v2\/posts\/52320\/revisions"}],"wp:featuredmedia":[{"embeddable":true,"href":"https:\/\/immo.lecourrier.es\/index.php\/wp-json\/wp\/v2\/media\/36266"}],"wp:attachment":[{"href":"https:\/\/immo.lecourrier.es\/index.php\/wp-json\/wp\/v2\/media?parent=52320"}],"wp:term":[{"taxonomy":"category","embeddable":true,"href":"https:\/\/immo.lecourrier.es\/index.php\/wp-json\/wp\/v2\/categories?post=52320"},{"taxonomy":"post_tag","embeddable":true,"href":"https:\/\/immo.lecourrier.es\/index.php\/wp-json\/wp\/v2\/tags?post=52320"}],"curies":[{"name":"wp","href":"https:\/\/api.w.org\/{rel}","templated":true}]}}