{"id":51624,"date":"2024-05-20T14:02:58","date_gmt":"2024-05-20T14:02:58","guid":{"rendered":"https:\/\/immo.lecourrier.es\/?p=51624"},"modified":"2026-03-05T09:01:26","modified_gmt":"2026-03-05T09:01:26","slug":"contrat-de-location-en-espagne-les-pieges-a-eviter-avec-laide-dun-avocat-expert-en-bail","status":"publish","type":"post","link":"https:\/\/immo.lecourrier.es\/index.php\/2024\/05\/20\/contrat-de-location-en-espagne-les-pieges-a-eviter-avec-laide-dun-avocat-expert-en-bail\/","title":{"rendered":"Contrat de location en Espagne : les pi\u00e8ges \u00e0 \u00e9viter avec l&rsquo;aide d&rsquo;un avocat expert en bail"},"content":{"rendered":"<div class=\"wp-block-columns is-layout-flex wp-container-core-columns-is-layout-9d6595d7 wp-block-columns-is-layout-flex\">\n<div class=\"wp-block-column is-layout-flow wp-block-column-is-layout-flow\">\n<p>Article r\u00e9dig\u00e9 par l\u2019avocate Ana Dominguez Molina (<a href=\"https:\/\/adomabogados.com\/\">Adom Abogados<\/a>).<\/p>\n<div style=\"height:48px\" aria-hidden=\"true\" class=\"wp-block-spacer\"><\/div>\n<p>La location d&rsquo;une propri\u00e9t\u00e9 en Espagne sans un <strong>contrat de location<\/strong> appropri\u00e9 peut entra\u00eener de lourdes cons\u00e9quences, tant pour le locataire que pour le propri\u00e9taire.<\/p>\n<\/div>\n<div class=\"wp-block-column is-layout-flow wp-block-column-is-layout-flow\">\n<figure class=\"wp-block-image size-full is-resized\"><img decoding=\"async\" src=\"https:\/\/immo.lecourrier.es\/wp-content\/uploads\/2024\/05\/image1.png\"><\/figure>\n<\/div>\n<\/div>\n<p>Souvent, <strong>les propri\u00e9taires pensent \u00e0 tort qu&rsquo;ils peuvent utiliser un mod\u00e8le de contrat trouv\u00e9 sur Internet<\/strong>. Cependant, c&rsquo;est une grave erreur pour plusieurs raisons :<\/p>\n<ol class=\"wp-block-list\">\n<li><strong>La l\u00e9gislation sur la location en Espagne est en constante \u00e9volution.<\/strong> Ce qui \u00e9tait valable il y a 2 ans peut ne plus l&rsquo;\u00eatre aujourd&rsquo;hui.<\/li>\n<li><strong>L&rsquo;authenticit\u00e9 de ces mod\u00e8les en ligne est incertaine<\/strong>. Ils peuvent \u00eatre r\u00e9dig\u00e9s par n&rsquo;importe qui, sans garantie de leur validit\u00e9 l\u00e9gale.<\/li>\n<li><strong>Ces mod\u00e8les ne prennent pas en compte les sp\u00e9cificit\u00e9s de chaque cas.<\/strong> Certaines subtilit\u00e9s peuvent \u00eatre omises, ce qui pourrait poser probl\u00e8me en cas de litige ult\u00e9rieur.<\/li>\n<li><strong>Ils peuvent \u00e9galement manquer de clauses essentielles pour un contrat de bail<\/strong>, ou de clauses utiles pour \u00e9viter les litiges (indexation du loyer, prolongation du contrat, r\u00e9parations, etc.).<\/li>\n<\/ol>\n<p>Pour toutes ces raisons, <strong>il est fortement recommand\u00e9 de faire appel \u00e0 un avocat espagnol sp\u00e9cialis\u00e9 en droit de la location<\/strong>. <\/p>\n<p>Cela vous \u00e9vitera des probl\u00e8mes et des d\u00e9penses inutiles.Cela vaut \u00e9galement pour les locataires. <strong>Avant de signer un contrat de location propos\u00e9 par le propri\u00e9taire ou son conseil, il est essentiel de le faire v\u00e9rifier par un avocat<\/strong>. Les propri\u00e9taires r\u00e9digent souvent des contrats en prot\u00e9geant leurs int\u00e9r\u00eats, il est donc primordial qu&rsquo;un avocat veille \u00e0 ce que vos droits en tant que locataire soient respect\u00e9s.<\/p>\n<p>Voici quelques <strong>clauses qui sont g\u00e9n\u00e9ralement abusives pour le locataire <\/strong>:<\/p>\n<ul class=\"wp-block-list\">\n<li>Le paiement du loyer en avance.<\/li>\n<li>L&rsquo;augmentation du loyer au-del\u00e0 de ce qui a \u00e9t\u00e9 convenu initialement.<\/li>\n<li>La demande d&rsquo;augmentation du loyer avec des effets r\u00e9troactifs.<\/li>\n<li>L&rsquo;imposition au locataire de prendre en charge certaines r\u00e9parations de l&rsquo;immeuble.<\/li>\n<li>L&rsquo;augmentation du d\u00e9lai de r\u00e9siliation du contrat par le locataire, et l&rsquo;obligation pour ce dernier de verser une indemnit\u00e9 en cas de r\u00e9siliation du contrat.<\/li>\n<\/ul>\n<p>Il est fortement recommand\u00e9 de faire appel \u00e0 un avocat pour la r\u00e9daction et\/ou la r\u00e9vision du contrat. Cependant, cette pratique n&rsquo;est malheureusement pas tr\u00e8s courante dans la r\u00e9alit\u00e9. \u00c0 cet \u00e9gard, notre cabinet est souvent contact\u00e9 lorsque des probl\u00e8mes surviennent.<\/p>\n<p>Les probl\u00e8mes les plus courants que nous rencontrons sont les suivants :<\/p>\n<ol class=\"wp-block-list\">\n<li><strong>Les loyers impay\u00e9s<\/strong>, qui constituent un grave probl\u00e8me. Il est donc essentiel d&rsquo;inclure une clause claire \u00e0 ce sujet dans le contrat. De plus, il est vivement recommand\u00e9 de souscrire une assurance contre les impay\u00e9s de loyer. Nous conseillons \u00e9galement aux propri\u00e9taires de ne pas envoyer de lettre ou d&rsquo;e-mail sans l&rsquo;avis d&rsquo;un avocat, car cela pourrait compromettre leur position en cas de litige judiciaire ult\u00e9rieur.<\/li>\n<li><strong>Le refus du propri\u00e9taire de r\u00e9parer certains \u00e9l\u00e9ments<\/strong>. Dans ce cas, nous recommandons au locataire de consulter un avocat avant de contacter le propri\u00e9taire. L&rsquo;avocat pourra d\u00e9terminer la responsabilit\u00e9 des r\u00e9parations et r\u00e9diger une lettre appropri\u00e9e, pouvant servir de preuve devant un tribunal si n\u00e9cessaire.<\/li>\n<li><strong>Les diff\u00e9rends concernant la dur\u00e9e de la location et les prolongations. <\/strong>Il est fr\u00e9quent que le propri\u00e9taire et le locataire aient des interpr\u00e9tations diff\u00e9rentes du contrat. Il est donc conseill\u00e9 de consulter un avocat avant d&rsquo;envoyer toute communication \u00e0 l&rsquo;autre partie.<\/li>\n<li><strong>Les probl\u00e8mes survenant apr\u00e8s la finalisation du contrat, notamment concernant l&rsquo;\u00e9tat de la propri\u00e9t\u00e9<\/strong>. Il est crucial que le contrat soit bien r\u00e9dig\u00e9 et qu&rsquo;il comprenne des photographies de l&rsquo;\u00e9tat initial et final de la propri\u00e9t\u00e9. Il est \u00e9galement recommand\u00e9 de consulter un avocat avant de contacter le locataire en cas de dommages, afin de garantir le respect des proc\u00e9dures l\u00e9gales.<\/li>\n<\/ol>\n<p>En g\u00e9n\u00e9ral, <strong>un avocat expert peut r\u00e9soudre ces probl\u00e8mes de mani\u00e8re extrajudiciaire<\/strong>. Si vous vous retrouvez dans l&rsquo;une de ces situations, il est primordial de <strong>contacter imm\u00e9diatement <\/strong>un avocat, qui pourra vous conseiller en fonction de votre situation.<\/p>\n<p>Cependant, il est \u00e9galement possible que ces questions doivent \u00eatre r\u00e9solues devant un tribunal, notamment si le locataire refuse de payer les loyers ou d&rsquo;abandonner la propri\u00e9t\u00e9 ou s\u2019ils ne parviennent pas \u00e0 un accord. Nous recommandons donc vivement de contacter un avocat avant de signer tout document, et en cas de d\u00e9saccord apr\u00e8s la signature, de recontacter votre avocat avant d&rsquo;envoyer toute lettre ou e-mail \u00e0 l&rsquo;autre partie, afin d&rsquo;\u00e9viter toute d\u00e9claration non conforme \u00e0 la loi.<\/p>\n<p>Notre cabinet ADOM Abogados dispose d&rsquo;une vaste exp\u00e9rience dans ce domaine, et nous serions ravis de vous accompagner, de vous conseiller et de d\u00e9fendre vos int\u00e9r\u00eats.<\/p>\n<p>Pour plus d\u2019informations, rendez-vous sur le site internet&nbsp;: <a href=\"https:\/\/adomabogados.com\/\">https:\/\/adomabogados.com\/<\/a>&nbsp;<\/p>\n","protected":false},"excerpt":{"rendered":"<p>Article r\u00e9dig\u00e9 par l\u2019avocate Ana Dominguez Molina (Adom Abogados). La location d&rsquo;une propri\u00e9t\u00e9 en Espagne sans un contrat de location appropri\u00e9 peut entra\u00eener de lourdes cons\u00e9quences, tant pour le locataire que pour le propri\u00e9taire. Souvent, les propri\u00e9taires pensent \u00e0 tort qu&rsquo;ils peuvent utiliser un mod\u00e8le de contrat trouv\u00e9 sur Internet. Cependant, c&rsquo;est une grave erreur [&hellip;]<\/p>\n","protected":false},"author":462,"featured_media":51626,"comment_status":"open","ping_status":"closed","sticky":false,"template":"","format":"standard","meta":{"om_disable_all_campaigns":false,"_monsterinsights_skip_tracking":false,"_monsterinsights_sitenote_active":false,"_monsterinsights_sitenote_note":"","_monsterinsights_sitenote_category":0,"_uf_show_specific_survey":0,"_uf_disable_surveys":false,"footnotes":""},"categories":[4392],"tags":[],"class_list":["post-51624","post","type-post","status-publish","format-standard","has-post-thumbnail","hentry","category-patrimoine"],"acf":[],"_links":{"self":[{"href":"https:\/\/immo.lecourrier.es\/index.php\/wp-json\/wp\/v2\/posts\/51624","targetHints":{"allow":["GET"]}}],"collection":[{"href":"https:\/\/immo.lecourrier.es\/index.php\/wp-json\/wp\/v2\/posts"}],"about":[{"href":"https:\/\/immo.lecourrier.es\/index.php\/wp-json\/wp\/v2\/types\/post"}],"author":[{"embeddable":true,"href":"https:\/\/immo.lecourrier.es\/index.php\/wp-json\/wp\/v2\/users\/462"}],"replies":[{"embeddable":true,"href":"https:\/\/immo.lecourrier.es\/index.php\/wp-json\/wp\/v2\/comments?post=51624"}],"version-history":[{"count":0,"href":"https:\/\/immo.lecourrier.es\/index.php\/wp-json\/wp\/v2\/posts\/51624\/revisions"}],"wp:featuredmedia":[{"embeddable":true,"href":"https:\/\/immo.lecourrier.es\/index.php\/wp-json\/wp\/v2\/media\/51626"}],"wp:attachment":[{"href":"https:\/\/immo.lecourrier.es\/index.php\/wp-json\/wp\/v2\/media?parent=51624"}],"wp:term":[{"taxonomy":"category","embeddable":true,"href":"https:\/\/immo.lecourrier.es\/index.php\/wp-json\/wp\/v2\/categories?post=51624"},{"taxonomy":"post_tag","embeddable":true,"href":"https:\/\/immo.lecourrier.es\/index.php\/wp-json\/wp\/v2\/tags?post=51624"}],"curies":[{"name":"wp","href":"https:\/\/api.w.org\/{rel}","templated":true}]}}