{"id":50993,"date":"2024-05-20T14:02:57","date_gmt":"2024-05-20T14:02:57","guid":{"rendered":"https:\/\/immo.lecourrier.es\/?p=50993"},"modified":"2026-03-05T09:11:52","modified_gmt":"2026-03-05T09:11:52","slug":"limpot-sur-les-successions-un-modele-en-declin","status":"publish","type":"post","link":"https:\/\/immo.lecourrier.es\/index.php\/2024\/05\/20\/limpot-sur-les-successions-un-modele-en-declin\/","title":{"rendered":"L&rsquo;\u00eemp\u00f4t sur les successions : un mod\u00e8le en d\u00e9clin ?"},"content":{"rendered":"<p>Aujourd&rsquo;hui, l&rsquo;Imp\u00f4t sur les Successions est devenu un sujet d&rsquo;importance en Espagne et en Europe, suscitant des d\u00e9bats parlementaires et des analyses \u00e0 l&rsquo;\u00e9chelle europ\u00e9enne.<\/p>\n<p>Historiquement, les droits de succession en Espagne ont \u00e9t\u00e9 source de controverses, refl\u00e9tant les pr\u00e9occupations de divers secteurs. Au fil des diff\u00e9rentes \u00e9poques politiques, cet imp\u00f4t a \u00e9t\u00e9 supprim\u00e9, r\u00e9tabli ou r\u00e9duit selon les orientations du pouvoir en place.<\/p>\n<p>Il est crucial de comprendre que 3 int\u00e9r\u00eats fondamentaux convergent dans toute succession : ceux de l&rsquo;individu, de la famille et de l&rsquo;\u00c9tat. Cette convergence d&rsquo;int\u00e9r\u00eats d\u00e9termine principalement les r\u00e9formes l\u00e9gislatives dans ce domaine.<\/p>\n<p>Au niveau europ\u00e9en, des \u00e9tudes r\u00e9centes de la Commission europ\u00e9enne ont soulign\u00e9 l&rsquo;importance des imp\u00f4ts sur les successions comme moyen d&rsquo;att\u00e9nuer les in\u00e9galit\u00e9s patrimoniales et de promouvoir la mobilit\u00e9 sociale. Cependant, malgr\u00e9 sa pr\u00e9sence dans plusieurs \u00c9tats membres, les recettes per\u00e7ues restent relativement faibles en raison de taux d&rsquo;imposition plus bas et d&rsquo;exemptions plus \u00e9lev\u00e9es pour les parents les plus proches. L&rsquo;Espagne supporte l&rsquo;un des taux d&rsquo;imposition les plus \u00e9lev\u00e9s de l&rsquo;UE, atteignant jusqu&rsquo;\u00e0 34%, seulement d\u00e9pass\u00e9 par la France (45%).<\/p>\n<h2 class=\"wp-block-heading\">La controverse autour de l&rsquo;Imp\u00f4t sur les Successions et Donations : juste ou confiscatoire ?<\/h2>\n<p>L&rsquo;Imp\u00f4t sur les Successions et Donations a \u00e9t\u00e9 au c\u0153ur de d\u00e9bats intenses en Espagne, suscitant la pol\u00e9mique en raison de son impact sur les contribuables. Bien que d\u00e9l\u00e9gu\u00e9 aux communaut\u00e9s autonomes, sa configuration et son application ont \u00e9t\u00e9 l&rsquo;objet de critiques et de controverses.<\/p>\n<p>Si l&rsquo;on soutient g\u00e9n\u00e9ralement que la concurrence fiscale entre les r\u00e9gions est b\u00e9n\u00e9fique car elle permet aux citoyens de comparer les politiques fiscales et de prendre des d\u00e9cisions \u00e9clair\u00e9es, de nombreux observateurs estiment que cet imp\u00f4t est devenu excessif et injuste.<\/p>\n<p>Une des principales critiques r\u00e9side dans le fait que cet imp\u00f4t peut \u00eatre per\u00e7u comme confiscatoire, taxant plusieurs fois le m\u00eame bien tout au long de la vie du contribuable. Cela s&rsquo;ajoute \u00e0 l&rsquo;absence d&rsquo;homog\u00e9n\u00e9it\u00e9 entre les diff\u00e9rentes communaut\u00e9s autonomes en ce qui concerne les taux d&rsquo;imposition et les exon\u00e9rations.<\/p>\n<p>Certaines r\u00e9gions ont supprim\u00e9 les droits de succession pour certains h\u00e9ritiers (\u00celes Bal\u00e9ares ou Cantabrie) tandis que d&rsquo;autres ont \u00e9tabli des d\u00e9ductions tr\u00e8s importantes (Galice, \u00celes Canaries ou Andalusie).&nbsp;<\/p>\n<p>En outre, des pr\u00e9occupations ont \u00e9t\u00e9 soulev\u00e9es \u00e0 maintes reprises quant \u00e0 la discrimination potentielle engendr\u00e9e par cet imp\u00f4t.&nbsp;<\/p>\n<p>En effet, ceux qui peuvent se permettre d&#8217;employer des strat\u00e9gies d&rsquo;optimisation fiscale peuvent contourner ou r\u00e9duire consid\u00e9rablement le paiement de l&rsquo;imp\u00f4t, tandis que les contribuables moins avertis se retrouvent confront\u00e9s \u00e0 une charge fiscale plus importante.&nbsp;<\/p>\n<p>Cette situation soul\u00e8ve \u00e9galement la question de savoir si la suppression de cet imp\u00f4t s&rsquo;appliquerait \u00e9galement aux successions survenues avant son abolition, ce qui pourrait \u00eatre improbable car cela pourrait entra\u00eener des pertes pour le Tr\u00e9sor public.&nbsp;<\/p>\n<p>Enfin, il convient de se demander comment les communaut\u00e9s autonomes compenseraient la perte de revenus due \u00e0 la suppression de cet imp\u00f4t. Cette compensation pourrait-elle se faire par le biais de l&rsquo;augmentation d&rsquo;autres imp\u00f4ts ou par une contribution de l&rsquo;\u00c9tat central ?<\/p>\n<p>En conclusion, certains argumentent en faveur de son abolition en raison de son caract\u00e8re injuste et confiscatoire, d&rsquo;autres soutiennent sa maintien pour garantir l&rsquo;\u00e9quit\u00e9 fiscale et la redistribution de la richesse. Il est clair que la diversit\u00e9 des pratiques entre les r\u00e9gions espagnoles soul\u00e8ve des d\u00e9fis d&rsquo;harmonisation et de coh\u00e9rence fiscale. En d\u00e9finitive, trouver un \u00e9quilibre entre la n\u00e9cessit\u00e9 de financer les d\u00e9penses publiques et le souci de promouvoir la justice fiscale demeure un d\u00e9fi majeur pour les d\u00e9cideurs politiques et \u00e9conomiques en Espagne.<\/p>\n<p><em>Source : <a href=\"https:\/\/adomabogados.com\/\">Adom Abogados <\/a><\/em><\/p>\n<div style=\"height:192px\" aria-hidden=\"true\" class=\"wp-block-spacer\"><\/div>\n<hr class=\"wp-block-separator has-alpha-channel-opacity\" \/>\n<p>[mailerlite_form form_id=3]<\/p>\n","protected":false},"excerpt":{"rendered":"<p>Aujourd&rsquo;hui, l&rsquo;Imp\u00f4t sur les Successions est devenu un sujet d&rsquo;importance en Espagne et en Europe, suscitant des d\u00e9bats parlementaires et des analyses \u00e0 l&rsquo;\u00e9chelle europ\u00e9enne. Historiquement, les droits de succession en Espagne ont \u00e9t\u00e9 source de controverses, refl\u00e9tant les pr\u00e9occupations de divers secteurs. Au fil des diff\u00e9rentes \u00e9poques politiques, cet imp\u00f4t a \u00e9t\u00e9 supprim\u00e9, r\u00e9tabli [&hellip;]<\/p>\n","protected":false},"author":462,"featured_media":50996,"comment_status":"open","ping_status":"closed","sticky":false,"template":"","format":"standard","meta":{"om_disable_all_campaigns":false,"_monsterinsights_skip_tracking":false,"_monsterinsights_sitenote_active":false,"_monsterinsights_sitenote_note":"","_monsterinsights_sitenote_category":0,"_uf_show_specific_survey":0,"_uf_disable_surveys":false,"footnotes":""},"categories":[4392],"tags":[3858,3859],"class_list":["post-50993","post","type-post","status-publish","format-standard","has-post-thumbnail","hentry","category-patrimoine","tag-impot-succession","tag-limpot-sur-les-successions-et-donations"],"acf":[],"_links":{"self":[{"href":"https:\/\/immo.lecourrier.es\/index.php\/wp-json\/wp\/v2\/posts\/50993","targetHints":{"allow":["GET"]}}],"collection":[{"href":"https:\/\/immo.lecourrier.es\/index.php\/wp-json\/wp\/v2\/posts"}],"about":[{"href":"https:\/\/immo.lecourrier.es\/index.php\/wp-json\/wp\/v2\/types\/post"}],"author":[{"embeddable":true,"href":"https:\/\/immo.lecourrier.es\/index.php\/wp-json\/wp\/v2\/users\/462"}],"replies":[{"embeddable":true,"href":"https:\/\/immo.lecourrier.es\/index.php\/wp-json\/wp\/v2\/comments?post=50993"}],"version-history":[{"count":0,"href":"https:\/\/immo.lecourrier.es\/index.php\/wp-json\/wp\/v2\/posts\/50993\/revisions"}],"wp:featuredmedia":[{"embeddable":true,"href":"https:\/\/immo.lecourrier.es\/index.php\/wp-json\/wp\/v2\/media\/50996"}],"wp:attachment":[{"href":"https:\/\/immo.lecourrier.es\/index.php\/wp-json\/wp\/v2\/media?parent=50993"}],"wp:term":[{"taxonomy":"category","embeddable":true,"href":"https:\/\/immo.lecourrier.es\/index.php\/wp-json\/wp\/v2\/categories?post=50993"},{"taxonomy":"post_tag","embeddable":true,"href":"https:\/\/immo.lecourrier.es\/index.php\/wp-json\/wp\/v2\/tags?post=50993"}],"curies":[{"name":"wp","href":"https:\/\/api.w.org\/{rel}","templated":true}]}}