{"id":27941,"date":"2024-04-05T13:25:09","date_gmt":"2024-04-05T13:25:09","guid":{"rendered":"https:\/\/immo.lecourrier.es\/index.php\/2024\/04\/05\/impressionnante-villa-au-centre-de-madrid-avec-bunker-atomique-pour-59-millions-a-vendre\/"},"modified":"2026-03-06T12:49:43","modified_gmt":"2026-03-06T12:49:43","slug":"impressionnante-villa-au-centre-de-madrid-avec-bunker-atomique-pour-59-millions-a-vendre","status":"publish","type":"post","link":"https:\/\/immo.lecourrier.es\/index.php\/2024\/04\/05\/impressionnante-villa-au-centre-de-madrid-avec-bunker-atomique-pour-59-millions-a-vendre\/","title":{"rendered":"Impressionnante villa au centre de Madrid avec bunker atomique pour 5,9 millions \u00e0 vendre"},"content":{"rendered":"<p>Idealista\/News, 27 avril 2022<\/p>\n<p><strong>Cette villa exclusive avec bunker atomique et verre blind\u00e9 est situ\u00e9e dans le quartier r\u00e9sidentiel d&rsquo;Hispanoam\u00e9rica, dans le district de Chamart\u00edn<\/strong> (capitale de Madrid). Avec quatre \u00e9tages sur un terrain de 1.000 m\u00b2, il est en vente pour <strong>5,9 millions d&rsquo;euros<\/strong>. Le refuge atomique dispose de tout le n\u00e9cessaire pour vivre longtemps et \u00e0 plusieurs. Il dispose d&rsquo;une cuisine enti\u00e8rement \u00e9quip\u00e9e et d&rsquo;une salle de bain.<\/p>\n<p>La propri\u00e9t\u00e9 se distingue non seulement par son abri atomique, mais aussi par sa fa\u00e7ade en b\u00e9ton architectonique, ses sols en marbre travertin, ses panneaux solaires et son ascenseur blind\u00e9.<\/p>\n<p>Au rez-de-chauss\u00e9e, il y a un grand salon, une salle \u00e0 manger, une cuisine et deux chambres doubles avec salle de bain attenante. Au premier \u00e9tage, il y a quatre chambres \u00e0 coucher avec salles de bains attenantes et un autre salon. Au premier \u00e9tage, il y a un autre salon et une salle de bain compl\u00e8te.<\/p>\n<p>Au sous-sol, il y a un bunker, une cave \u00e0 vin, une salle d&rsquo;outils et une fosse pour la r\u00e9paration des v\u00e9hicules. A l&rsquo;ext\u00e9rieur, il y a une piscine et le jardin a 1.000 m\u00b2.<\/p>\n<div class=\"wp-block-image\">\n<figure class=\"aligncenter\"><img decoding=\"async\" src=\"https:\/\/immo.lecourrier.es\/wp-content\/uploads\/2024\/04\/08_3.jpg?3odRzsyyImlsXte0eNuM3so34n8zpc8p&amp;itok=jm711-Vx\"><\/figure>\n<\/div>\n<div class=\"wp-block-image\">\n<figure class=\"aligncenter\"><img decoding=\"async\" src=\"https:\/\/immo.lecourrier.es\/wp-content\/uploads\/2024\/04\/09_3.jpg?Fvap.VCQz5SE95Cuf1.OySEX2C.w8e.7&amp;itok=Pjx_rtIP\"><\/figure>\n<\/div>\n<div class=\"wp-block-image\">\n<figure class=\"aligncenter\"><img decoding=\"async\" src=\"https:\/\/immo.lecourrier.es\/wp-content\/uploads\/2024\/04\/10_2.jpg?eonDS8wPBoBM1S7FDG6ICg9zJgLXoloI&amp;itok=K-bPx4Db\"><\/figure>\n<\/div>\n<div class=\"wp-block-image\">\n<figure class=\"aligncenter\"><img decoding=\"async\" src=\"https:\/\/immo.lecourrier.es\/wp-content\/uploads\/2024\/04\/11_1.jpg?52Vxchft1J54jnTOUkX6pqUzJixZ3fhS&amp;itok=_J6T_X-7\"><\/figure>\n<\/div>\n<div class=\"wp-block-image\">\n<figure class=\"aligncenter\"><img decoding=\"async\" src=\"https:\/\/immo.lecourrier.es\/wp-content\/uploads\/2024\/04\/12_1.jpg?W84wMWFFicv6sD951Ng9cL9ILiiXp7zo&amp;itok=JOgTpUqy\"><\/figure>\n<\/div>\n<div class=\"wp-block-image\">\n<figure class=\"aligncenter\"><img decoding=\"async\" src=\"https:\/\/immo.lecourrier.es\/wp-content\/uploads\/2024\/04\/15.jpg?nbI1Co7TYvM2dk45.2MAn.MYHlplYx0w&amp;itok=9-hItmt1\"><\/figure>\n<\/div>\n<div class=\"wp-block-image\">\n<figure class=\"aligncenter\"><img decoding=\"async\" src=\"https:\/\/immo.lecourrier.es\/wp-content\/uploads\/2024\/04\/13_0.jpg?rzvQK6jdFx5ABURaO8rugHtcLvfxKuT8&amp;itok=Ga6VKkaa\"><\/figure>\n<\/div>\n<div class=\"wp-block-image\">\n<figure class=\"aligncenter\"><img decoding=\"async\" src=\"https:\/\/immo.lecourrier.es\/wp-content\/uploads\/2024\/04\/03_5.jpg?v7GeANnJ3Ex3aFRwcgKxDRJrqnMY1KZ_&amp;itok=QABMtUxi\"><\/figure>\n<\/div>\n<div class=\"wp-block-image\">\n<figure class=\"aligncenter\"><img decoding=\"async\" src=\"https:\/\/immo.lecourrier.es\/wp-content\/uploads\/2024\/04\/05_5.jpg?Hqpq4SluNTuz1fWU0FD2ezf_uMyo_dni&amp;itok=-hpTvtFs\"><\/figure>\n<\/div>\n<div class=\"wp-block-image\">\n<figure class=\"aligncenter\"><img decoding=\"async\" src=\"https:\/\/immo.lecourrier.es\/wp-content\/uploads\/2024\/04\/06_3.jpg?ucIkSWt_qR7DT1AmQFWcKITjNNRjgZK4&amp;itok=A3qBFMe_\"><\/figure>\n<\/div>\n<p>Source <a href=\"https:\/\/www.idealista.com\/news\/inmobiliario\/vivienda\/2022\/04\/27\/796285-se-vende-un-impresionante-chalet-en-el-centro-de-madrid-con-bunker-atomico-por-5-9\" target=\"_blank\" rel=\"noreferrer noopener\">Idealista\/News<\/a><\/p>\n","protected":false},"excerpt":{"rendered":"<p>Idealista\/News, 27 avril 2022 Cette villa exclusive avec bunker atomique et verre blind\u00e9 est situ\u00e9e dans le quartier r\u00e9sidentiel d&rsquo;Hispanoam\u00e9rica, dans le district de Chamart\u00edn (capitale de Madrid). Avec quatre \u00e9tages sur un terrain de 1.000 m\u00b2, il est en vente pour 5,9 millions d&rsquo;euros. Le refuge atomique dispose de tout le n\u00e9cessaire pour vivre [&hellip;]<\/p>\n","protected":false},"author":462,"featured_media":27953,"comment_status":"open","ping_status":"closed","sticky":false,"template":"","format":"standard","meta":{"om_disable_all_campaigns":false,"_monsterinsights_skip_tracking":false,"_monsterinsights_sitenote_active":false,"_monsterinsights_sitenote_note":"","_monsterinsights_sitenote_category":0,"_uf_show_specific_survey":0,"_uf_disable_surveys":false,"footnotes":""},"categories":[247,212],"tags":[],"class_list":["post-27941","post","type-post","status-publish","format-standard","has-post-thumbnail","hentry","category-autonomie","category-breaking-news"],"acf":[],"_links":{"self":[{"href":"https:\/\/immo.lecourrier.es\/index.php\/wp-json\/wp\/v2\/posts\/27941","targetHints":{"allow":["GET"]}}],"collection":[{"href":"https:\/\/immo.lecourrier.es\/index.php\/wp-json\/wp\/v2\/posts"}],"about":[{"href":"https:\/\/immo.lecourrier.es\/index.php\/wp-json\/wp\/v2\/types\/post"}],"author":[{"embeddable":true,"href":"https:\/\/immo.lecourrier.es\/index.php\/wp-json\/wp\/v2\/users\/462"}],"replies":[{"embeddable":true,"href":"https:\/\/immo.lecourrier.es\/index.php\/wp-json\/wp\/v2\/comments?post=27941"}],"version-history":[{"count":0,"href":"https:\/\/immo.lecourrier.es\/index.php\/wp-json\/wp\/v2\/posts\/27941\/revisions"}],"wp:featuredmedia":[{"embeddable":true,"href":"https:\/\/immo.lecourrier.es\/index.php\/wp-json\/wp\/v2\/media\/27953"}],"wp:attachment":[{"href":"https:\/\/immo.lecourrier.es\/index.php\/wp-json\/wp\/v2\/media?parent=27941"}],"wp:term":[{"taxonomy":"category","embeddable":true,"href":"https:\/\/immo.lecourrier.es\/index.php\/wp-json\/wp\/v2\/categories?post=27941"},{"taxonomy":"post_tag","embeddable":true,"href":"https:\/\/immo.lecourrier.es\/index.php\/wp-json\/wp\/v2\/tags?post=27941"}],"curies":[{"name":"wp","href":"https:\/\/api.w.org\/{rel}","templated":true}]}}