{"id":25503,"date":"2024-04-05T00:10:37","date_gmt":"2024-04-05T00:10:37","guid":{"rendered":"https:\/\/immo.lecourrier.es\/index.php\/2024\/04\/05\/les-experts-designent-madrid-comme-le-prochain-hub-europeen-de-la-construction-industrialisee\/"},"modified":"2026-03-06T04:30:26","modified_gmt":"2026-03-06T04:30:26","slug":"les-experts-designent-madrid-comme-le-prochain-hub-europeen-de-la-construction-industrialisee","status":"publish","type":"post","link":"https:\/\/immo.lecourrier.es\/index.php\/2024\/04\/05\/les-experts-designent-madrid-comme-le-prochain-hub-europeen-de-la-construction-industrialisee\/","title":{"rendered":"Les experts d\u00e9signent Madrid comme le prochain hub europ\u00e9en de la construction industrialis\u00e9e"},"content":{"rendered":"<p>Auteur @Carlos Lospitao<\/p>\n<p>Le premier forum ax\u00e9 sur la construction industrialis\u00e9e a r\u00e9uni des experts du domaine de la construction immobili\u00e8re au Coll\u00e8ge officiel des architectes de Madrid (COAM) pour rendre visibles les opportunit\u00e9s et les d\u00e9fis offerts par ce nouveau type de construction, consistant en la cr\u00e9ation des diff\u00e9rents des \u00e9l\u00e9ments constructifs en usine pour \u00eatre ensuite assembl\u00e9s sur place, int\u00e9grant innovation, num\u00e9risation et durabilit\u00e9 dans les processus.<\/p>\n<p>\u00ab Nous devons capitaliser sur la construction industrialis\u00e9e en Espagne ; Il s&rsquo;agit d&rsquo;une technologie de rupture qui offre une certitude en termes et en prix, et qui offre un service social. Nous voulons l&rsquo;exporter en Europe main dans la main avec nos partenaires, qui sont le num\u00e9ro un du secteur dans leur domaine\u00a0\u00bb, a expliqu\u00e9 Jos\u00e9 Ignacio Esteban, directeur g\u00e9n\u00e9ral d&rsquo;\u00c1vita, en accueillant la premi\u00e8re \u00e9dition du forum, qui a eu le pr\u00e9sence du gouvernement de la Communaut\u00e9 de Madrid, ainsi que d&rsquo;experts en m\u00e9decine environnementale, transition num\u00e9rique et professionnels de la construction et de l&rsquo;immobilier.<\/p>\n<p>Pour sa part, le pr\u00e9sident du Grupo Avintia, Antonio Mart\u00edn Jim\u00e9nez, a avanc\u00e9 la vision strat\u00e9gique d&rsquo;\u00e1vita pour continuer \u00e0 transformer le secteur, y compris la cr\u00e9ation d&rsquo;une deuxi\u00e8me usine de construction industrialis\u00e9e et, jusqu&rsquo;en 2025, la cr\u00e9ation d&rsquo;\u00e1vita Campus, un HUB de l&rsquo;innovation qui fonctionne comme l&rsquo;\u00e9picentre de son \u00e9cosyst\u00e8me&nbsp;: cette \u00ab\u00a0ville\u00a0\u00bb disposera d&rsquo;un centre de fabrication d&rsquo;une capacit\u00e9 double de l&rsquo;actuel, ainsi que d&rsquo;un centre de R+D+i, d&rsquo;une usine de salle de bains, d&rsquo;un centre d&rsquo;innovation durable et d&rsquo;une acad\u00e9mie de formation&nbsp;: \u00ab Les trois piliers d&rsquo;Avita sont l&rsquo;innovation, la collaboration et la durabilit\u00e9. A court terme, nous aspirons \u00e0 ce que 75% des \u00e9l\u00e9ments du b\u00e2timent soient pr\u00e9-industrialis\u00e9s \u00bb.<\/p>\n<p><strong>La Communaut\u00e9 de Madrid mise sur la construction industrialis\u00e9e<\/strong><br \/>Le premier discours d&rsquo;ouverture a \u00e9t\u00e9 prononc\u00e9 par le vice-ministre du Logement et de l&rsquo;Am\u00e9nagement du territoire de la Communaut\u00e9 de Madrid, Jos\u00e9 Mar\u00eda Garc\u00eda G\u00f3mez : \u00ab Madrid doit \u00eatre une plaque tournante de la construction industrialis\u00e9e, et ce mod\u00e8le doit \u00eatre export\u00e9 \u00e0 l&rsquo;international. Le sous-ministre a expliqu\u00e9 que le gouvernement r\u00e9gional s&rsquo;appuie actuellement sur ce mod\u00e8le de construction pour le d\u00e9veloppement de logements abordables, comme le Plan Vive, avec lequel 5 406 logements locatifs abordables seront construits, dont une partie avec ce nouveau mod\u00e8le de construction : \u00ab Avec Avec ce plan, nous cr\u00e9ons 13 000 emplois et g\u00e9n\u00e9rons un impact de plus de 4 000 millions d&rsquo;euros sur le PIB, avec un retour fiscal de plus de 700 millions \u00bb.<\/p>\n<p>Le vice-ministre a soulign\u00e9 comment la construction industrialis\u00e9e aide le gouvernement r\u00e9gional \u00e0 raccourcir les d\u00e9lais de livraison de nouveaux logements sociaux, d\u00e9clarant que \u00ab\u00a0Madrid est pr\u00eate \u00e0 \u00eatre une plaque tournante de la construction industrialis\u00e9e au niveau europ\u00e9en, c&rsquo;est un mod\u00e8le reproductible\u00a0\u00bb.<\/p>\n<p><strong>The Healthy House : comment nos maisons influencent notre sant\u00e9<\/strong><br \/>Le Dr M. Carmen Ruiz Mart\u00edn, pr\u00e9sidente de la soci\u00e9t\u00e9 catalane pour la sant\u00e9 environnementale &#8211; SOCSA et PDG de la clinique virtuelle Masalud, a soulign\u00e9 dans la deuxi\u00e8me intervention de la journ\u00e9e l&rsquo;influence que les diff\u00e9rents \u00e9l\u00e9ments de la maison ont sur notre sant\u00e9, ce qui suppose la \u00ab\u00a0troisi\u00e8me peau\u00a0\u00bb des gens. Le m\u00e9decin a expliqu\u00e9 qu&rsquo;il y a encore beaucoup de progr\u00e8s \u00e0 faire en mati\u00e8re de cr\u00e9ation de b\u00e2timents sains pour les personnes et a soulign\u00e9 qu&rsquo;avec les nouvelles m\u00e9thodes de construction, il existe une opportunit\u00e9 unique d&rsquo;investir dans la cr\u00e9ation d&rsquo;espaces en bonne sant\u00e9.<\/p>\n<p><strong>Vers l&rsquo;industrialisation de la construction<\/strong><br \/>\u00ab Si on faisait une comparaison avec l&rsquo;industrie automobile, la construction traditionnelle serait \u00e9quivalente \u00e0 ce qui se faisait dans l&rsquo;industrie automobile avant Henry Ford. La construction industrialis\u00e9e est l&rsquo;avenir et il n&rsquo;y a pas de retour en arri\u00e8re \u00bb, a d\u00e9clar\u00e9 Jose Mar\u00eda S\u00e1nchez, directeur de la zone centrale de l&rsquo;Institut Kaizen Espagne.<\/p>\n<p>Jose Mar\u00eda a d\u00e9taill\u00e9 comment la construction industrialis\u00e9e et la num\u00e9risation de l&rsquo;information garantiront un processus standardis\u00e9 en termes de qualit\u00e9 et de prix. \u00ab\u00a0Le fait de disposer de donn\u00e9es et de les transformer en informations permet de prendre des d\u00e9cisions qui ont un impact direct sur la r\u00e9duction des OPEX et d&rsquo;autres aspects, tels que l&rsquo;am\u00e9lioration de l&rsquo;efficacit\u00e9 \u00e9nerg\u00e9tique.\u00a0\u00bb<\/p>\n<p><strong>Un mod\u00e8le de construction qui traverse les fronti\u00e8res<\/strong><br \/>La derni\u00e8re pr\u00e9sentation a \u00e9t\u00e9 donn\u00e9e par Juan Manuel Lecue, directeur g\u00e9n\u00e9ral en Europe de Soler &amp; Palau, une entreprise leader dans le d\u00e9veloppement de syst\u00e8mes de ventilation. Dans ce document, Lecue a pass\u00e9 en revue les \u00e9l\u00e9ments cl\u00e9s pour promouvoir l&rsquo;internationalisation de ce mod\u00e8le de construction, dans une industrie qui, historiquement, n&rsquo;a pas \u00e9t\u00e9 facilement export\u00e9e : \u00ab\u00a0L&rsquo;une des cl\u00e9s pour internationaliser un produit ou un service est qu&rsquo;il apporte une valeur diff\u00e9rentielle, avec l&rsquo;innovation et des syst\u00e8mes, comme c&rsquo;est le cas de la construction industrialis\u00e9e.<\/p>\n","protected":false},"excerpt":{"rendered":"<p>Auteur @Carlos Lospitao Le premier forum ax\u00e9 sur la construction industrialis\u00e9e a r\u00e9uni des experts du domaine de la construction immobili\u00e8re au Coll\u00e8ge officiel des architectes de Madrid (COAM) pour rendre visibles les opportunit\u00e9s et les d\u00e9fis offerts par ce nouveau type de construction, consistant en la cr\u00e9ation des diff\u00e9rents des \u00e9l\u00e9ments constructifs en usine [&hellip;]<\/p>\n","protected":false},"author":462,"featured_media":25505,"comment_status":"open","ping_status":"closed","sticky":false,"template":"","format":"standard","meta":{"om_disable_all_campaigns":false,"_monsterinsights_skip_tracking":false,"_monsterinsights_sitenote_active":false,"_monsterinsights_sitenote_note":"","_monsterinsights_sitenote_category":0,"_uf_show_specific_survey":0,"_uf_disable_surveys":false,"footnotes":""},"categories":[212,213],"tags":[],"class_list":["post-25503","post","type-post","status-publish","format-standard","has-post-thumbnail","hentry","category-breaking-news","category-construction-nouvelles"],"acf":[],"_links":{"self":[{"href":"https:\/\/immo.lecourrier.es\/index.php\/wp-json\/wp\/v2\/posts\/25503","targetHints":{"allow":["GET"]}}],"collection":[{"href":"https:\/\/immo.lecourrier.es\/index.php\/wp-json\/wp\/v2\/posts"}],"about":[{"href":"https:\/\/immo.lecourrier.es\/index.php\/wp-json\/wp\/v2\/types\/post"}],"author":[{"embeddable":true,"href":"https:\/\/immo.lecourrier.es\/index.php\/wp-json\/wp\/v2\/users\/462"}],"replies":[{"embeddable":true,"href":"https:\/\/immo.lecourrier.es\/index.php\/wp-json\/wp\/v2\/comments?post=25503"}],"version-history":[{"count":0,"href":"https:\/\/immo.lecourrier.es\/index.php\/wp-json\/wp\/v2\/posts\/25503\/revisions"}],"wp:featuredmedia":[{"embeddable":true,"href":"https:\/\/immo.lecourrier.es\/index.php\/wp-json\/wp\/v2\/media\/25505"}],"wp:attachment":[{"href":"https:\/\/immo.lecourrier.es\/index.php\/wp-json\/wp\/v2\/media?parent=25503"}],"wp:term":[{"taxonomy":"category","embeddable":true,"href":"https:\/\/immo.lecourrier.es\/index.php\/wp-json\/wp\/v2\/categories?post=25503"},{"taxonomy":"post_tag","embeddable":true,"href":"https:\/\/immo.lecourrier.es\/index.php\/wp-json\/wp\/v2\/tags?post=25503"}],"curies":[{"name":"wp","href":"https:\/\/api.w.org\/{rel}","templated":true}]}}