{"id":25487,"date":"2024-04-05T00:10:14","date_gmt":"2024-04-05T00:10:14","guid":{"rendered":"https:\/\/immo.lecourrier.es\/index.php\/2024\/04\/05\/valencia-encore-elue-meilleure-ville-pour-sexpatrier\/"},"modified":"2026-03-06T04:30:12","modified_gmt":"2026-03-06T04:30:12","slug":"valencia-encore-elue-meilleure-ville-pour-sexpatrier","status":"publish","type":"post","link":"https:\/\/immo.lecourrier.es\/index.php\/2024\/04\/05\/valencia-encore-elue-meilleure-ville-pour-sexpatrier\/","title":{"rendered":"Valencia encore \u00e9lue meilleure ville pour s\u2019expatrier"},"content":{"rendered":"<p>D\u00e9cid\u00e9ment, Valencia a la cote et caracole, une fois de plus, en t\u00eate du fameux classement annuel d\u2019Inter nation\u2026&nbsp;Comme en 2020, la&nbsp;3\u00e8me&nbsp;ville d\u2019Espagne re\u00e7oit la palme de&nbsp;meilleure&nbsp;ville du monde pour s\u2019expatrier\u2026&nbsp;L\u2019enqu\u00eate annuelle d\u2019InterNations&nbsp;classe les villes o\u00f9 les expatri\u00e9s se sentent le plus heureux gr\u00e2ce \u00e0 divers crit\u00e8res li\u00e9s \u00e0 la qualit\u00e9 de vie en g\u00e9n\u00e9ral.&nbsp;Cette ann\u00e9e encore, Valencia arrive en t\u00eate, devant Duba\u00ef, Mexico, Lisbonne, Madrid, Bangkok, B\u00e2le, Melbourne, Abou Dhabi et Singapour.<\/p>\n<p>Les principaux points pour lesquels la ville espagnole est pl\u00e9biscit\u00e9e sont :&nbsp;sa qualit\u00e9 de vie, d\u2019excellent transport publics \u00e0 prix abordable, sa s\u00e9curit\u00e9 et les nombreux espaces verts pour pratiquer des sports.<\/p>\n<p>Valencia :&nbsp;agr\u00e9able \u00e0 vivre, accueillante et abordable.<\/p>\n<p>Les expatri\u00e9s d\u00e9crivent les transports publics comme \u00e9tant \u00e9conomiques&nbsp;(85 % de satisfaits contre 70 % dans le monde)&nbsp;et appr\u00e9cient les grandes opportunit\u00e9s de sports r\u00e9cr\u00e9atifs&nbsp;(92 % contre 75 % dans le monde).&nbsp;92 % des expatri\u00e9s se sentent en s\u00e9curit\u00e9 \u00e0 Valencia&nbsp;(contre 81 % dans le monde).<\/p>\n<p>En ce qui concerne sa 3e place dans l\u2019indice de facilit\u00e9 d\u2019installation \u201cEase&nbsp;of&nbsp;Settling, les expatri\u00e9s s\u2019y sentent chez eux&nbsp;(74 % contre 62 % dans le monde)&nbsp;et sont satisfaits de leur vie sociale&nbsp;(72 % contre 56 % dans le monde).&nbsp;La ville se classe \u00e9galement troisi\u00e8me du \u201cPersonal&nbsp;Finance Index \u201c, se pla\u00e7ant m\u00eame en t\u00eate dans le domaine du co\u00fbt de la vie :&nbsp;83 % des expatri\u00e9s le jugent positif&nbsp;(contre 45 % dans le monde).&nbsp;Valencia obtient de bons r\u00e9sultats&nbsp;(13e)&nbsp;dans \u201cExpat&nbsp;Essentials&nbsp;Index\u201d qui r\u00e9pertorie certains aspects de la vie \u00e0 l\u2019\u00e9tranger consid\u00e9r\u00e9s comme essentiels, tout domaines confondus.&nbsp;En revanche, de loin son point le plus faible, elle est 41e dans \u201cWorking&nbsp;Abroad&nbsp;Index\u201d, indice qui couvre six facteurs de notation diff\u00e9rents :&nbsp;perspectives de carri\u00e8re et satisfaction, travail et loisirs, et \u00e9conomie, et s\u00e9curit\u00e9 de l\u2019emploi.&nbsp;Elle se place en derni\u00e8re position pour les perspectives de carri\u00e8re :&nbsp;en effet, 50 % des expatri\u00e9s jugent n\u00e9gativement le march\u00e9 du travail local&nbsp;(contre 27 % au niveau mondial)&nbsp;et 30 % jugent d\u00e9favorablement leurs propres opportunit\u00e9s de carri\u00e8re&nbsp;(contre 22 % au niveau mondial).<\/p>\n<p>Valence, la petite grande qui monte\u2026<\/p>\n<p>Cette nomination s\u2019ajoute \u00e0 d\u2019autres titres internationaux importants pour la ville :\u00a0Capitale\u00a0Europ\u00e9enne\u00a0du Tourisme Intelligent et Capitale Mondiale du Design en 2022 et Capitale Verte en 2024\u2026\u00a0Autant de titres ou d\u2019\u00e9v\u00e9nements qui d\u00e9veloppe la notori\u00e9t\u00e9 de Valencia et renforce son image de ville moderne, ouverte et attractive.<\/p>\n<p class=\"has-text-align-right\">Laurence Lemoine<\/p>\n<p class=\"has-text-align-right\"><a href=\"https:\/\/www.valencia-expat-services.com\/\">Valencia Expat services<\/a><br \/><a href=\"http:\/\/www.madrid-expat-services.com\/\">Madrid<\/a>\u00a0<a href=\"https:\/\/barcelona-expat-services.es\/fr\/\">Barcelone<\/a>\u00a0<a href=\"http:\/\/www.javea-denia-expat-services.com\/\">Javea-Denia<\/a><\/p>\n","protected":false},"excerpt":{"rendered":"<p>D\u00e9cid\u00e9ment, Valencia a la cote et caracole, une fois de plus, en t\u00eate du fameux classement annuel d\u2019Inter nation\u2026&nbsp;Comme en 2020, la&nbsp;3\u00e8me&nbsp;ville d\u2019Espagne re\u00e7oit la palme de&nbsp;meilleure&nbsp;ville du monde pour s\u2019expatrier\u2026&nbsp;L\u2019enqu\u00eate annuelle d\u2019InterNations&nbsp;classe les villes o\u00f9 les expatri\u00e9s se sentent le plus heureux gr\u00e2ce \u00e0 divers crit\u00e8res li\u00e9s \u00e0 la qualit\u00e9 de vie en g\u00e9n\u00e9ral.&nbsp;Cette [&hellip;]<\/p>\n","protected":false},"author":462,"featured_media":24889,"comment_status":"open","ping_status":"closed","sticky":false,"template":"","format":"standard","meta":{"om_disable_all_campaigns":false,"_monsterinsights_skip_tracking":false,"_monsterinsights_sitenote_active":false,"_monsterinsights_sitenote_note":"","_monsterinsights_sitenote_category":0,"_uf_show_specific_survey":0,"_uf_disable_surveys":false,"footnotes":""},"categories":[212],"tags":[],"class_list":["post-25487","post","type-post","status-publish","format-standard","has-post-thumbnail","hentry","category-breaking-news"],"acf":[],"_links":{"self":[{"href":"https:\/\/immo.lecourrier.es\/index.php\/wp-json\/wp\/v2\/posts\/25487","targetHints":{"allow":["GET"]}}],"collection":[{"href":"https:\/\/immo.lecourrier.es\/index.php\/wp-json\/wp\/v2\/posts"}],"about":[{"href":"https:\/\/immo.lecourrier.es\/index.php\/wp-json\/wp\/v2\/types\/post"}],"author":[{"embeddable":true,"href":"https:\/\/immo.lecourrier.es\/index.php\/wp-json\/wp\/v2\/users\/462"}],"replies":[{"embeddable":true,"href":"https:\/\/immo.lecourrier.es\/index.php\/wp-json\/wp\/v2\/comments?post=25487"}],"version-history":[{"count":0,"href":"https:\/\/immo.lecourrier.es\/index.php\/wp-json\/wp\/v2\/posts\/25487\/revisions"}],"wp:featuredmedia":[{"embeddable":true,"href":"https:\/\/immo.lecourrier.es\/index.php\/wp-json\/wp\/v2\/media\/24889"}],"wp:attachment":[{"href":"https:\/\/immo.lecourrier.es\/index.php\/wp-json\/wp\/v2\/media?parent=25487"}],"wp:term":[{"taxonomy":"category","embeddable":true,"href":"https:\/\/immo.lecourrier.es\/index.php\/wp-json\/wp\/v2\/categories?post=25487"},{"taxonomy":"post_tag","embeddable":true,"href":"https:\/\/immo.lecourrier.es\/index.php\/wp-json\/wp\/v2\/tags?post=25487"}],"curies":[{"name":"wp","href":"https:\/\/api.w.org\/{rel}","templated":true}]}}