{"id":25474,"date":"2024-04-05T00:06:10","date_gmt":"2024-04-05T00:06:10","guid":{"rendered":"https:\/\/immo.lecourrier.es\/index.php\/2024\/04\/05\/avec-une-croissance-de-plus-de-50-en-2021-i-particuliers-poursuit-son-developpement-en-simplantant-en-espagne\/"},"modified":"2026-03-06T04:25:35","modified_gmt":"2026-03-06T04:25:35","slug":"avec-une-croissance-de-plus-de-50-en-2021-i-particuliers-poursuit-son-developpement-en-simplantant-en-espagne","status":"publish","type":"post","link":"https:\/\/immo.lecourrier.es\/index.php\/2024\/04\/05\/avec-une-croissance-de-plus-de-50-en-2021-i-particuliers-poursuit-son-developpement-en-simplantant-en-espagne\/","title":{"rendered":"Avec une croissance de plus de 50% en 2021, i -Particuliers, poursuit son d\u00e9veloppement en s\u2019implantant en Espagne."},"content":{"rendered":"<p><em>R\u00e9seau d\u2019agents immobiliers ind\u00e9pendants cr\u00e9\u00e9 il y a maintenant pr\u00e8s de 12 ans en France, <a href=\"https:\/\/i-particuliers.fr\/\">i-Particuliers<\/a> s\u2019est construit autour d\u2019une vision novatrice de l\u2019immobilier : celle de moderniser ce secteur en implantant sur le march\u00e9 un r\u00e9seau \u00e0 fortes valeurs humaines, alliant immobilier, digital, formation des conseillers et proximit\u00e9. Le 25 novembre dernier, il s&rsquo;est officiellement lanc\u00e9 en Espagne.<\/em><\/p>\n<p><strong>UN CONCEPT INNOVANT<\/strong><\/p>\n<p>Ce concept a rapidement permis au r\u00e9seau de se d\u00e9marquer, jusqu\u2019\u00e0 devenir l\u2019un des acteurs principaux de la transformation de l\u2019immobilier. Avec un taux de satisfaction de 98% selon les avis clients post\u00e9s sur Immodvisor, <strong>i-Particuliers<\/strong> rassemble aujourd\u2019hui plus de 350 conseillers r\u00e9partis sur l\u2019ensemble du territoire fran\u00e7ais, ainsi qu\u2019en Suisse et fait partie des 500 entreprises fran\u00e7aises et des 1000 entreprises europ\u00e9ennes \u00e0 la plus forte croissance* selon l&rsquo;\u00e9tude des Echos en collaboration avec Statista.<\/p>\n<figure class=\"wp-block-image size-large is-resized\"><img decoding=\"async\" src=\"https:\/\/immo.lecourrier.es\/wp-content\/uploads\/2024\/04\/Capture-decran-2022-12-01-a-10.25.38-1024x281.jpg\"><\/figure>\n<\/p>\n<p><strong>UN PANEL DE SERVICES COMPLET<\/strong><\/p>\n<p>Attentif \u00e0 l\u2019ensemble des besoins de ses clients, particuliers comme professionnels, i-Particuliers n\u2019a<br \/>cess\u00e9 de se perfectionner au fil des ann\u00e9es afin de proposer toujours plus de services sp\u00e9cifiques.<br \/>Ainsi, en plus de la transaction, de la location et de la gestion locative, i-Particuliers accompagne \u00e9galement ses clients dans leurs projets immobiliers de prestige.<br \/>L\u2019excellente expertise qu\u2019ont nos agents de leur secteur, associ\u00e9e \u00e0 la collaboration proactive de notre<br \/>r\u00e9seau, nous permettent de r\u00e9pondre de mani\u00e8re bien plus efficace \u00e0 la demande de notre client\u00e8le,<br \/>en comparaison \u00e0 une agence traditionnelle.<\/p>\n<\/p>\n<p><strong>DES VALEURS FORTES<\/strong><\/p>\n<p>R\u00e9seau \u00e0 fortes valeurs humaines, nous mettons un point d\u2019honneur \u00e0 ce que chacun de nos agents<br \/>respecte le code moral que nous avons \u00e9tabli et qui participe \u00e0 notre succ\u00e8s depuis de nombreuses<br \/>ann\u00e9es : La politesse &#8211; Le courage &#8211; La sinc\u00e9rit\u00e9 &#8211; L\u2019honneur &#8211; La modestie &#8211; Le respect &#8211; Le contr\u00f4le de soi -L\u2019amiti\u00e9<br \/>Ce sont ces valeurs, issues des arts martiaux, qui f\u00e9d\u00e8rent chaque jour nos agents et t\u00e9moignent de<br \/>la rigueur et de l\u2019exigence que nous nous appliquons \u00e0 tenir quotidiennement.<\/p>\n<p><strong>UNE VISION INTERNATIONALE<\/strong><\/p>\n<p>D\u00e9j\u00e0 pr\u00e9sent sur le territoire Suisse depuis 2021, i-Particuliers franchit une \u00e9tape majeure de son<br \/>d\u00e9veloppement en s\u2019implantant en Espagne.<br \/>Une \u00e9tape cl\u00e9 pour ce r\u00e9seau, inscrite dans une strat\u00e9gie internationale \u00e0 long terme, puisque<br \/>i-Particuliers souhaite d\u2019ici les prochaines ann\u00e9es franchir de nouvelles fronti\u00e8res et s\u2019implanter ainsi<br \/>durablement sur le territoire europ\u00e9en.<\/p>\n<p><strong>UN LANCEMENT R\u00c9USSI ET DE BELLES PERSPECTIVES \u00c0 VENIR<\/strong><\/p>\n<p>Ce 25 novembre 2022, une centaine de participants ont assist\u00e9 au lancement d\u2019i-Particuliers en Espagne qui a eu lieu \u00e0 l\u2019H\u00f4tel W de Barcelone.<\/p>\n<figure class=\"wp-block-gallery has-nested-images columns-default is-cropped wp-block-gallery-1 is-layout-flex wp-block-gallery-is-layout-flex\">\n<figure class=\"wp-block-image size-large\"><img decoding=\"async\" src=\"https:\/\/immo.lecourrier.es\/wp-content\/uploads\/2024\/04\/W_OUVERTURE_ESP_NOV_2022-\u00a9i-Particuliers-4-2-1024x576.jpg\"><\/figure>\n<figure class=\"wp-block-image size-large\"><img decoding=\"async\" src=\"https:\/\/immo.lecourrier.es\/wp-content\/uploads\/2024\/04\/W_OUVERTURE_ESP_NOV_2022-\u00a9i-Particuliers-7-2-1024x576.jpg\"><\/figure>\n<figure class=\"wp-block-image size-large\"><img decoding=\"async\" src=\"https:\/\/immo.lecourrier.es\/wp-content\/uploads\/2024\/04\/W_OUVERTURE_ESP_NOV_2022-\u00a9i-Particuliers-9-2-1024x576.jpg\"><\/figure>\n<figure class=\"wp-block-image size-large\"><img decoding=\"async\" src=\"https:\/\/immo.lecourrier.es\/wp-content\/uploads\/2024\/04\/W_OUVERTURE_ESP_NOV_2022-\u00a9i-Particuliers-31-2-1024x576.jpg\"><\/figure>\n<\/figure>\n<p>\u00c0 cette occasion St\u00e9phane TRIONFINI et \u00c9lian MIMOUNI, cofondateurs du r\u00e9seau, ainsi que Ga\u00ebtan Pierre MATHIS, nouveau directeur g\u00e9n\u00e9ral Espagne, ont pu pr\u00e9senter, accompagn\u00e9s des t\u00e9moignages des agents fran\u00e7ais, le concept d\u2019i-Particuliers et les avantages \u00e0 rejoindre le r\u00e9seau en tant qu\u2019agent immobilier ind\u00e9pendant.<\/p>\n<p>Une soir\u00e9e qui a eu un franc succ\u00e8s et a suscit\u00e9 l\u2019int\u00e9r\u00eat du public espagnol puisque les demandes d\u2019int\u00e9gration ont \u00e9t\u00e9 nombreuses et continue d\u2019arriver.<\/p>\n<figure class=\"wp-block-image size-large is-resized\"><img decoding=\"async\" src=\"https:\/\/immo.lecourrier.es\/wp-content\/uploads\/2024\/04\/Capture-decran-2022-12-01-a-10.26.49-1024x285.jpg\"><\/figure>\n<p><strong>POURQUOI L\u2019ESPAGNE ?<\/strong><\/p>\n<p>Pays propice au d\u00e9veloppement de notre r\u00e9seau de par son march\u00e9 porteur, l\u2019implantation d\u2019i-Par-<br \/>ticuliers en Espagne \u00e9tait une \u00e9vidence.<\/p>\n<p>St\u00e9phane TRIONFINI et \u00c9lian MIMOUNI expliquent au Courrier d&rsquo;Espagne: \u00ab <em>S\u2019implanter en Espagne \u00e9tait pour nous un choix strat\u00e9gique. Nous avons eu une forte demande de nos agents d\u2019origine Espagnole ou frontaliers, souhaitant d\u00e9velopper leurs affaires et leurs \u00e9quipes sur ce territoire. Convaincu de l\u2019\u00e9mergence d\u2019un march\u00e9 international, et fort du succ\u00e8s d\u2019i-Particuliers en Suisse, nous avons depuis plus d\u2019un an, travaill\u00e9 sur ce projet. Assister au lancement de notre r\u00e9seau ce 25 novembre constitue pour toute notre \u00e9quipe une grande fiert\u00e9. Nos agents sont plus motiv\u00e9s que jamais, et cette soir\u00e9e de lancement nous a confirm\u00e9 le potentiel et l\u2019int\u00e9r\u00eat que notre opportunit\u00e9 d\u2019affaires suscite aux Espagnols.<\/em> \u00bb<\/p>\n<div class=\"wp-block-media-text alignwide is-stacked-on-mobile\">\n<figure class=\"wp-block-media-text__media\"><img decoding=\"async\" src=\"https:\/\/immo.lecourrier.es\/wp-content\/uploads\/2024\/04\/Ecole_des_cadres_Valence_octobre_2022-\u00a9i-Particuliers-38.jpeg\"><\/figure>\n<div class=\"wp-block-media-text__content\">\n<p>Le si\u00e8ge situ\u00e9 \u00e0 Madrid, sera g\u00e9r\u00e9 par <strong>Ga\u00ebtan Pierre MATHIS, nouveau directeur g\u00e9n\u00e9ral Espagne<\/strong>.<br \/>Lien essentiel entre nos 2 pays, Ga\u00ebtan Pierre MATHIS nous donne sa vision de son int\u00e9gration et de ses fonctions au sein du r\u00e9seau : \u00ab <em>Ce sont avant tout les valeurs et la dynamique tr\u00e8s humaine d\u2019i-Particuliers qui m\u2019ont convaincu de rejoindre l\u2019aventure en occupant le poste de directeur g\u00e9n\u00e9ral Espagne. Travailler sur le d\u00e9veloppement d\u2019un projet aussi ambitieux est pour moi un v\u00e9ritable honneur et je remercie <strong>St\u00e9phane TRIONFINI<\/strong> et <strong>\u00c9lian MIMOUNI<\/strong> de m\u2019avoir accord\u00e9 toute leur confiance en me donnant cette importante responsabilit\u00e9.<\/em><\/p>\n<\/p>\n<\/div>\n<\/div>\n<p><em>Offrir aux personnes d\u00e9sireuses d\u2019un changement de vie, l\u2019opportunit\u00e9 d\u2019acc\u00e9der \u00e0 une v\u00e9ritable carri\u00e8re, de cr\u00e9er leur propre affaire, d\u2019avoir des revenus plus \u00e9lev\u00e9s, tout en leur proposant une meilleure qualit\u00e9 de vie, en leur permettant d\u2019organiser en toute autonomie leur activit\u00e9 et leur agenda, en leur donnant la possibilit\u00e9 de passer plus de temps avec leurs proches, est pour moi une tr\u00e8s grande fiert\u00e9. Ce sont autant d\u2019atouts qui font l\u2019ADN d\u2019i-Particuliers, et qui me convainc du potentiel de ce r\u00e9seaudans notre pays.<\/em><\/p>\n<p><em>Je remercie \u00e9galement toutes les personnes qui sont venues d\u00e9couvrir notre r\u00e9seau \u00e0 l\u2019occasion de cette soir\u00e9e de lancement, et qui ont choisi de rejoindre \u00e0 mes c\u00f4t\u00e9s cette formidable aventure.<br \/>Mon objectif est \u00e0 pr\u00e9sent de leur transmettre l\u2019impulsion, le d\u00e9sir et la motivation n\u00e9cessaires \u00e0 chacun pour les voir r\u00e9ussir et s\u2019\u00e9panouir au sein de notre r\u00e9seau. De belles perspectives s\u2019offrent \u00e0 nous, et nous allons travailler avec humilit\u00e9 et d\u00e9termination, dans le respect de nos valeurs, pour faire d\u2019i-Particuliers, le r\u00e9seau num\u00e9ro 1 d\u2019agents ind\u00e9pendants en Espagn<\/em>e. \u00bb<\/p>\n<p>Par LCE<\/p>\n","protected":false},"excerpt":{"rendered":"<p>R\u00e9seau d\u2019agents immobiliers ind\u00e9pendants cr\u00e9\u00e9 il y a maintenant pr\u00e8s de 12 ans en France, i-Particuliers s\u2019est construit autour d\u2019une vision novatrice de l\u2019immobilier : celle de moderniser ce secteur en implantant sur le march\u00e9 un r\u00e9seau \u00e0 fortes valeurs humaines, alliant immobilier, digital, formation des conseillers et proximit\u00e9. Le 25 novembre dernier, il s&rsquo;est [&hellip;]<\/p>\n","protected":false},"author":462,"featured_media":25483,"comment_status":"open","ping_status":"closed","sticky":false,"template":"","format":"standard","meta":{"om_disable_all_campaigns":false,"_monsterinsights_skip_tracking":false,"_monsterinsights_sitenote_active":false,"_monsterinsights_sitenote_note":"","_monsterinsights_sitenote_category":0,"_uf_show_specific_survey":0,"_uf_disable_surveys":false,"footnotes":""},"categories":[212,4440],"tags":[860,716,861],"class_list":["post-25474","post","type-post","status-publish","format-standard","has-post-thumbnail","hentry","category-breaking-news","category-networking","tag-i-particuliers","tag-investir-en-espagne","tag-reseau-de-mandataires-immobiliers"],"acf":[],"_links":{"self":[{"href":"https:\/\/immo.lecourrier.es\/index.php\/wp-json\/wp\/v2\/posts\/25474","targetHints":{"allow":["GET"]}}],"collection":[{"href":"https:\/\/immo.lecourrier.es\/index.php\/wp-json\/wp\/v2\/posts"}],"about":[{"href":"https:\/\/immo.lecourrier.es\/index.php\/wp-json\/wp\/v2\/types\/post"}],"author":[{"embeddable":true,"href":"https:\/\/immo.lecourrier.es\/index.php\/wp-json\/wp\/v2\/users\/462"}],"replies":[{"embeddable":true,"href":"https:\/\/immo.lecourrier.es\/index.php\/wp-json\/wp\/v2\/comments?post=25474"}],"version-history":[{"count":0,"href":"https:\/\/immo.lecourrier.es\/index.php\/wp-json\/wp\/v2\/posts\/25474\/revisions"}],"wp:featuredmedia":[{"embeddable":true,"href":"https:\/\/immo.lecourrier.es\/index.php\/wp-json\/wp\/v2\/media\/25483"}],"wp:attachment":[{"href":"https:\/\/immo.lecourrier.es\/index.php\/wp-json\/wp\/v2\/media?parent=25474"}],"wp:term":[{"taxonomy":"category","embeddable":true,"href":"https:\/\/immo.lecourrier.es\/index.php\/wp-json\/wp\/v2\/categories?post=25474"},{"taxonomy":"post_tag","embeddable":true,"href":"https:\/\/immo.lecourrier.es\/index.php\/wp-json\/wp\/v2\/tags?post=25474"}],"curies":[{"name":"wp","href":"https:\/\/api.w.org\/{rel}","templated":true}]}}