{"id":24627,"date":"2024-04-04T22:31:18","date_gmt":"2024-04-04T22:31:18","guid":{"rendered":"https:\/\/immo.lecourrier.es\/index.php\/2024\/04\/04\/trois-entreprises-sur-quatre-augmenteront-leur-espace-logistique-du-dernier-kilometre-en-europe\/"},"modified":"2026-03-06T01:15:18","modified_gmt":"2026-03-06T01:15:18","slug":"trois-entreprises-sur-quatre-augmenteront-leur-espace-logistique-du-dernier-kilometre-en-europe","status":"publish","type":"post","link":"https:\/\/immo.lecourrier.es\/index.php\/2024\/04\/04\/trois-entreprises-sur-quatre-augmenteront-leur-espace-logistique-du-dernier-kilometre-en-europe\/","title":{"rendered":"Trois entreprises sur quatre augmenteront leur espace logistique du dernier kilom\u00e8tre en Europe"},"content":{"rendered":"<p><em>Selon une enqu\u00eate r\u00e9alis\u00e9e par l&rsquo;op\u00e9rateur Mileway, l&rsquo;essor du commerce \u00e9lectronique oblige les entreprises d&rsquo;Europe du Nord \u00e0 agrandir leurs installations de distribution de marchandises.<\/em><\/p>\n<p>Le dernier kilom\u00e8tre se d\u00e9veloppe en Europe. Plus des trois quarts des entreprises (77%) pr\u00e9voient d&rsquo;augmenter l&rsquo;espace qu&rsquo;elles ont lou\u00e9 pour d\u00e9velopper leurs op\u00e9rations logistiques du dernier kilom\u00e8tre, selon une enqu\u00eate men\u00e9e par l&rsquo;op\u00e9rateur Mileway et cl\u00f4tur\u00e9e en janvier dernier sur les march\u00e9s du Royaume-Uni, de l&rsquo;Allemagne, de la France, des Pays-Bas et de la Su\u00e8de.<\/p>\n<p><strong>Ce chiffre de 77% repr\u00e9sente un bond par rapport aux 60% d&rsquo;entreprises qui envisageaient d&rsquo;\u00e9tendre leurs activit\u00e9s de logistique du dernier kilom\u00e8tre en ao\u00fbt 2021<\/strong>, date de cl\u00f4ture de l&rsquo;avant-derni\u00e8re enqu\u00eate. La logistique du dernier kilom\u00e8tre m\u00e8ne r\u00e9guli\u00e8rement une enqu\u00eate pour analyser l&rsquo;\u00e9volution de l&rsquo;activit\u00e9.<\/p>\n<p>Ainsi, la quasi-totalit\u00e9 des entreprises interrog\u00e9es (98%) affirment d\u00e9sormais vendre leurs produits ou services en ligne, contre 82% des entreprises qui le faisaient en ao\u00fbt 2021.<\/p>\n<p><strong>Les entreprises consid\u00e8rent le commerce \u00e9lectronique comme un \u00e9l\u00e9ment de plus en plus important de leur strat\u00e9gie.<\/strong> En fait, 80% d&rsquo;entre elles d\u00e9clarent aujourd&rsquo;hui qu&rsquo;il s&rsquo;agit d&rsquo;un facteur cl\u00e9 de leur chiffre d&rsquo;affaires, alors qu&rsquo;elles n&rsquo;\u00e9taient que 60% \u00e0 le faire en ao\u00fbt 2021.<\/p>\n<p>La durabilit\u00e9 et l&rsquo;utilisation plus efficace de l&rsquo;\u00e9nergie sont \u00e9galement devenues des questions de plus en plus pertinentes pour les clients de Mileway. <strong>Ainsi, 91% des entreprises sont conscientes de la n\u00e9cessit\u00e9 de se fixer un objectif de r\u00e9duction des \u00e9missions de CO2 et 42% consid\u00e8rent d\u00e9j\u00e0 qu&rsquo;il s&rsquo;agit d&rsquo;une priorit\u00e9 absolue.<\/strong><\/p>\n<p><strong>La quasi-totalit\u00e9 des entreprises interrog\u00e9es vendent en ligne, contre 82% en ao\u00fbt 2021<\/strong><\/p>\n<p>\u00ab\u00a0Ces chiffres confirment que la forte augmentation du co\u00fbt de l&rsquo;\u00e9nergie \u00e0 travers l&rsquo;Europe a fait des mesures ESG (en particulier les initiatives d&rsquo;efficacit\u00e9 \u00e9nerg\u00e9tique) un besoin prioritaire des entreprises\u00a0\u00bb, a d\u00e9clar\u00e9 la soci\u00e9t\u00e9 dans un communiqu\u00e9.<\/p>\n<p>Mileway est le plus grand propri\u00e9taire europ\u00e9en d&rsquo;actifs logistiques de dernier kilom\u00e8tre. La soci\u00e9t\u00e9 poss\u00e8de et g\u00e8re <strong>plus de 1.800 propri\u00e9t\u00e9s totalisant seize millions de m\u00e8tres carr\u00e9s dans onze pays<\/strong>. Elle dessert plus de dix mille clients dans un large \u00e9ventail de secteurs.<\/p>\n<p>\u00ab\u00a0Les r\u00e9sultats montrent clairement que la transition vers la vente au d\u00e9tail en ligne s&rsquo;est poursuivie au cours des dix-huit derniers mois, malgr\u00e9 la reprise de l&rsquo;activit\u00e9 en Europe \u00e0 la suite des restrictions li\u00e9es \u00e0 la pand\u00e9mie\u00a0\u00bb, d\u00e9clare Emmanuel Van der Stichele, PDG de Mileway.<\/p>\n<p>L&rsquo;entreprise de logistique du dernier kilom\u00e8tre, dont le directeur g\u00e9n\u00e9ral pour l&rsquo;Espagne est Guillermo Ravell, poss\u00e8de 65 biens immobiliers sur le march\u00e9 espagnol, pour un total de 570.000 m\u00e8tres carr\u00e9s.<\/p>\n<figure class=\"wp-block-image size-large\"><a href=\"https:\/\/www.opea.io\"><img decoding=\"async\" src=\"https:\/\/immo.lecourrier.es\/wp-content\/uploads\/2024\/04\/Capture-decran-2023-03-14-a-15.35.44-1-1024x108.jpg\"><\/a><\/figure><\/p>\n","protected":false},"excerpt":{"rendered":"<p>Selon une enqu\u00eate r\u00e9alis\u00e9e par l&rsquo;op\u00e9rateur Mileway, l&rsquo;essor du commerce \u00e9lectronique oblige les entreprises d&rsquo;Europe du Nord \u00e0 agrandir leurs installations de distribution de marchandises. Le dernier kilom\u00e8tre se d\u00e9veloppe en Europe. Plus des trois quarts des entreprises (77%) pr\u00e9voient d&rsquo;augmenter l&rsquo;espace qu&rsquo;elles ont lou\u00e9 pour d\u00e9velopper leurs op\u00e9rations logistiques du dernier kilom\u00e8tre, selon une [&hellip;]<\/p>\n","protected":false},"author":462,"featured_media":24630,"comment_status":"open","ping_status":"closed","sticky":false,"template":"","format":"standard","meta":{"om_disable_all_campaigns":false,"_monsterinsights_skip_tracking":false,"_monsterinsights_sitenote_active":false,"_monsterinsights_sitenote_note":"","_monsterinsights_sitenote_category":0,"_uf_show_specific_survey":0,"_uf_disable_surveys":false,"footnotes":""},"categories":[212,234],"tags":[],"class_list":["post-24627","post","type-post","status-publish","format-standard","has-post-thumbnail","hentry","category-breaking-news","category-logistique-retail"],"acf":[],"_links":{"self":[{"href":"https:\/\/immo.lecourrier.es\/index.php\/wp-json\/wp\/v2\/posts\/24627","targetHints":{"allow":["GET"]}}],"collection":[{"href":"https:\/\/immo.lecourrier.es\/index.php\/wp-json\/wp\/v2\/posts"}],"about":[{"href":"https:\/\/immo.lecourrier.es\/index.php\/wp-json\/wp\/v2\/types\/post"}],"author":[{"embeddable":true,"href":"https:\/\/immo.lecourrier.es\/index.php\/wp-json\/wp\/v2\/users\/462"}],"replies":[{"embeddable":true,"href":"https:\/\/immo.lecourrier.es\/index.php\/wp-json\/wp\/v2\/comments?post=24627"}],"version-history":[{"count":0,"href":"https:\/\/immo.lecourrier.es\/index.php\/wp-json\/wp\/v2\/posts\/24627\/revisions"}],"wp:featuredmedia":[{"embeddable":true,"href":"https:\/\/immo.lecourrier.es\/index.php\/wp-json\/wp\/v2\/media\/24630"}],"wp:attachment":[{"href":"https:\/\/immo.lecourrier.es\/index.php\/wp-json\/wp\/v2\/media?parent=24627"}],"wp:term":[{"taxonomy":"category","embeddable":true,"href":"https:\/\/immo.lecourrier.es\/index.php\/wp-json\/wp\/v2\/categories?post=24627"},{"taxonomy":"post_tag","embeddable":true,"href":"https:\/\/immo.lecourrier.es\/index.php\/wp-json\/wp\/v2\/tags?post=24627"}],"curies":[{"name":"wp","href":"https:\/\/api.w.org\/{rel}","templated":true}]}}