{"id":23193,"date":"2024-04-04T20:05:50","date_gmt":"2024-04-04T20:05:50","guid":{"rendered":"https:\/\/immo.lecourrier.es\/index.php\/2024\/04\/04\/hines-investit-20-millions-deuros-dans-la-renovation-de-la-tour-diagonal-407-a-barcelone\/"},"modified":"2026-03-05T20:18:23","modified_gmt":"2026-03-05T20:18:23","slug":"hines-investit-20-millions-deuros-dans-la-renovation-de-la-tour-diagonal-407-a-barcelone","status":"publish","type":"post","link":"https:\/\/immo.lecourrier.es\/index.php\/2024\/04\/04\/hines-investit-20-millions-deuros-dans-la-renovation-de-la-tour-diagonal-407-a-barcelone\/","title":{"rendered":"Hines investit 20 millions d&rsquo;euros dans la r\u00e9novation de la tour Diagonal 407 \u00e0 Barcelone"},"content":{"rendered":"<p><em>La soci\u00e9t\u00e9 immobili\u00e8re am\u00e9ricaine commence \u00e0 moderniser l&rsquo;actif de 11.500 m2 qu&rsquo;elle a achet\u00e9 l&rsquo;ann\u00e9e derni\u00e8re \u00e0 Banco Sabadell pour environ 90 millions d&rsquo;euros. <\/em><\/p>\n<p>Hines se lance dans les travaux. La soci\u00e9t\u00e9 immobili\u00e8re am\u00e9ricaine a commenc\u00e9 la r\u00e9novation compl\u00e8te de la tour Diagonal 407 \u00e0 Barcelone, un b\u00e2timent qu&rsquo;elle a acquis aupr\u00e8s de Banco Sabadell en d\u00e9cembre 2021 et dans la r\u00e9novation duquel elle investira environ 20 millions d&rsquo;euros, selon des sources du march\u00e9. Hines a achet\u00e9 la propri\u00e9t\u00e9 pour environ 90 millions d&rsquo;euros.<\/p>\n<p>L&rsquo;immeuble de 11.500 m2 est situ\u00e9 \u00e0 l&rsquo;intersection de l&rsquo;Avinguda Diagonal et de la Carrer Balmes, au c\u0153ur de Barcelone. Il mesure 83 m\u00e8tres de haut et compte 24 \u00e9tages. Hines a pr\u00e9cis\u00e9 dans un communiqu\u00e9 que <strong>cette r\u00e9novation comprendra, entre autres, un gymnase, des casiers, un parking \u00e0 v\u00e9los, des salles de r\u00e9union, des espaces communs et 2 terrasses ext\u00e9rieures pour apporter de la lumi\u00e8re naturelle au troisi\u00e8me \u00e9tage et sur le toit<\/strong>.<\/p>\n<p>Cette r\u00e9novation comprendra du double vitrage et une chambre \u00e0 air pour am\u00e9liorer l&rsquo;efficacit\u00e9 \u00e9nerg\u00e9tique. <strong>Hines pr\u00e9voit d&rsquo;achever les travaux au troisi\u00e8me trimestre 2024 <\/strong>et s&rsquo;attend \u00e0 percevoir des loyers annuels d&rsquo;environ 4 millions d&rsquo;euros lorsque l&rsquo;actif sera modernis\u00e9, selon les sources.<\/p>\n<p><strong>Hines s&rsquo;attend \u00e0 percevoir des loyers annuels de l&rsquo;ordre de quatre millions lorsque la propri\u00e9t\u00e9 sera modernis\u00e9e<\/strong><\/p>\n<p><strong>Banco Sabadell occupe actuellement 4 de ces \u00e9tages et restera locataire apr\u00e8s la r\u00e9novation<\/strong>. Des sources de la banque ont pr\u00e9cis\u00e9 que les \u00e9tages 0 et 1 accueilleront son p\u00f4le de banque priv\u00e9e, le deuxi\u00e8me \u00e9tage la direction r\u00e9gionale de Catalogne et le 22e \u00e9tage le bureau du pr\u00e9sident de la banque.<\/p>\n<p>Pr\u00e9sente dans 30 pays, Hines g\u00e8re environ 93.900 millions d&rsquo;euros d&rsquo;actifs pour diff\u00e9rents usages: r\u00e9sidentiel, logistique, commercial, bureaux et mixte.<\/p>\n<p>La derni\u00e8re transaction de la soci\u00e9t\u00e9 immobili\u00e8re \u00e0 Barcelone a \u00e9t\u00e9 l&rsquo;acquisition en avril dernier d&rsquo;un actif logistique \u00e0 c\u00f4t\u00e9 du Terminal 2 de l&rsquo;a\u00e9roport Josep Tarradellas Barcelona-El Prat. Il s&rsquo;agit d&rsquo;un bien lou\u00e9 avec des loyers r\u00e9guliers.<\/p>\n","protected":false},"excerpt":{"rendered":"<p>La soci\u00e9t\u00e9 immobili\u00e8re am\u00e9ricaine commence \u00e0 moderniser l&rsquo;actif de 11.500 m2 qu&rsquo;elle a achet\u00e9 l&rsquo;ann\u00e9e derni\u00e8re \u00e0 Banco Sabadell pour environ 90 millions d&rsquo;euros. Hines se lance dans les travaux. La soci\u00e9t\u00e9 immobili\u00e8re am\u00e9ricaine a commenc\u00e9 la r\u00e9novation compl\u00e8te de la tour Diagonal 407 \u00e0 Barcelone, un b\u00e2timent qu&rsquo;elle a acquis aupr\u00e8s de Banco Sabadell [&hellip;]<\/p>\n","protected":false},"author":462,"featured_media":23195,"comment_status":"open","ping_status":"closed","sticky":false,"template":"","format":"standard","meta":{"om_disable_all_campaigns":false,"_monsterinsights_skip_tracking":false,"_monsterinsights_sitenote_active":false,"_monsterinsights_sitenote_note":"","_monsterinsights_sitenote_category":0,"_uf_show_specific_survey":0,"_uf_disable_surveys":false,"footnotes":""},"categories":[212,258],"tags":[],"class_list":["post-23193","post","type-post","status-publish","format-standard","has-post-thumbnail","hentry","category-breaking-news","category-hotels-living"],"acf":[],"_links":{"self":[{"href":"https:\/\/immo.lecourrier.es\/index.php\/wp-json\/wp\/v2\/posts\/23193","targetHints":{"allow":["GET"]}}],"collection":[{"href":"https:\/\/immo.lecourrier.es\/index.php\/wp-json\/wp\/v2\/posts"}],"about":[{"href":"https:\/\/immo.lecourrier.es\/index.php\/wp-json\/wp\/v2\/types\/post"}],"author":[{"embeddable":true,"href":"https:\/\/immo.lecourrier.es\/index.php\/wp-json\/wp\/v2\/users\/462"}],"replies":[{"embeddable":true,"href":"https:\/\/immo.lecourrier.es\/index.php\/wp-json\/wp\/v2\/comments?post=23193"}],"version-history":[{"count":0,"href":"https:\/\/immo.lecourrier.es\/index.php\/wp-json\/wp\/v2\/posts\/23193\/revisions"}],"wp:featuredmedia":[{"embeddable":true,"href":"https:\/\/immo.lecourrier.es\/index.php\/wp-json\/wp\/v2\/media\/23195"}],"wp:attachment":[{"href":"https:\/\/immo.lecourrier.es\/index.php\/wp-json\/wp\/v2\/media?parent=23193"}],"wp:term":[{"taxonomy":"category","embeddable":true,"href":"https:\/\/immo.lecourrier.es\/index.php\/wp-json\/wp\/v2\/categories?post=23193"},{"taxonomy":"post_tag","embeddable":true,"href":"https:\/\/immo.lecourrier.es\/index.php\/wp-json\/wp\/v2\/tags?post=23193"}],"curies":[{"name":"wp","href":"https:\/\/api.w.org\/{rel}","templated":true}]}}