{"id":23127,"date":"2024-04-04T20:00:08","date_gmt":"2024-04-04T20:00:08","guid":{"rendered":"https:\/\/immo.lecourrier.es\/index.php\/2024\/04\/04\/kefren-capital-scrute-le-marche-de-lhabitat-pour-diversifier-son-portefeuille-de-logistique-et-de-bureaux\/"},"modified":"2026-03-05T20:02:34","modified_gmt":"2026-03-05T20:02:34","slug":"kefren-capital-scrute-le-marche-de-lhabitat-pour-diversifier-son-portefeuille-de-logistique-et-de-bureaux","status":"publish","type":"post","link":"https:\/\/immo.lecourrier.es\/index.php\/2024\/04\/04\/kefren-capital-scrute-le-marche-de-lhabitat-pour-diversifier-son-portefeuille-de-logistique-et-de-bureaux\/","title":{"rendered":"Kefren Capital scrute le march\u00e9 de l&rsquo;habitat pour diversifier son portefeuille de logistique et de bureaux"},"content":{"rendered":"<p><em>Le gestionnaire d&rsquo;investissement \u00e9tudie avec des op\u00e9rateurs et des investisseurs institutionnels le d\u00e9veloppement de complexes r\u00e9sidentiels et de r\u00e9sidences pour personnes \u00e2g\u00e9es sur l&rsquo;ensemble du march\u00e9 espagnol afin de compl\u00e9ter son portefeuille de logistique et de bureaux.<\/em><\/p>\n<p>Kefren Capital RE s&rsquo;inscrit dans la tendance de l&rsquo;habitat. Le gestionnaire d&rsquo;investissements immobiliers analyse des projets de coliving et de senior living afin de diversifier son activit\u00e9, jusqu&rsquo;\u00e0 pr\u00e9sent centr\u00e9e sur la logistique et les bureaux.<\/p>\n<p>\u00ab\u00a0Nous discutons avec des op\u00e9rateurs et des investisseurs institutionnels potentiels pour nous rejoindre dans ce projet\u00a0\u00bb, d\u00e9clare Javier Iglesias de Ussel, PDG de Kefren Capital Real Estate, dans une interview accord\u00e9e \u00e0 EjePrime.<\/p>\n<p><strong>La soci\u00e9t\u00e9 dispose actuellement d&rsquo;un pipeline de 5 actifs et pr\u00e9voit de r\u00e9aliser un investissement dans ce segment au cours des prochains mois<\/strong>. \u00ab\u00a0Nous sommes int\u00e9ress\u00e9s par les r\u00e9sidences pour personnes \u00e2g\u00e9es, \u00e0 condition qu&rsquo;il ne s&rsquo;agisse pas d&rsquo;une propri\u00e9t\u00e9 tr\u00e8s m\u00e9dicalis\u00e9e, ainsi que par les propri\u00e9t\u00e9s destin\u00e9es \u00e0 la colocation ou \u00e0 un complexe d&rsquo;appartements flexibles\u00a0\u00bb, explique M. Iglesias. <strong>Madrid, Barcelone, Malaga et Alicante sont quelques-uns des endroits o\u00f9 le groupe a analys\u00e9 des actifs<\/strong>.<\/p>\n<p>\u00ab\u00a0Nous nous concentrons actuellement sur la recherche d&rsquo;un investisseur institutionnel qui nous rejoindrait dans ce projet, bien que nous envisagions \u00e9galement de d\u00e9velopper un complexe par nos propres moyens avant d&rsquo;y associer des partenaires\u00a0\u00bb, pr\u00e9cise M. Iglesias.<\/p>\n<p><strong>Kefren pr\u00e9pare un investissement de 250 millions d&rsquo;euros dans la logistique en partenariat avec Tristan<\/strong> <\/p>\n<p>Au-del\u00e0 de son entr\u00e9e dans le segment r\u00e9sidentiel, Kefren maintiendra ses investissements dans la logistique et les bureaux. Dans le segment de la logistique, <strong>le gestionnaire d&rsquo;actifs familial pr\u00e9voit d&rsquo;investir entre 200 et 300 millions d&rsquo;euros d&rsquo;actifs, la plupart dans la cat\u00e9gorie des actifs \u00e0 valeur ajout\u00e9e<\/strong>.<\/p>\n<p>\u00ab\u00a0Tristan Capital Partners, notre partenaire financier dans le domaine de la logistique, a lanc\u00e9 une nouvelle ligne d&rsquo;investissements \u00e0 valeur ajout\u00e9e et nous pensons que nous pouvons leur fournir des actifs \u00e0 potentiel apr\u00e8s une remise en \u00e9tat\u00a0\u00bb, a-t-il d\u00e9clar\u00e9.<\/p>\n<p>Kefren g\u00e8re actuellement pour Tristan un portefeuille de 5 entrep\u00f4ts d&rsquo;une superficie locative brute de 150.000 m2 \u00e0 Azuqueca de Henares (Guadalajara), Saragosse et Tarragone. La valeur marchande de ces actifs d\u00e9passe les 100 millions d&rsquo;euros.<\/p>\n<p>Outre ce sous-secteur, le gestionnaire d&rsquo;actifs pr\u00e9voit \u00e9galement de renforcer ses investissements en bureaux par l&rsquo;interm\u00e9diaire de la soci\u00e9t\u00e9 scandinave Europi. Jusqu&rsquo;\u00e0 pr\u00e9sent, l&rsquo;alliance Kefren-Europi s&rsquo;est traduite par l&rsquo;achat d&rsquo;un immeuble \u00e0 Esplugues, de 10.500 m2, et d&rsquo;un autre \u00e0 Cornell\u00e0, d&rsquo;environ 13.000 m2.<\/p>\n<p><strong>Le gestionnaire de fonds pr\u00e9voit d&rsquo;augmenter ses investissements dans les bureaux avec Europi<\/strong><\/p>\n<p>\u00ab\u00a0Nous pr\u00e9voyons de compl\u00e9ter le portefeuille avec au moins deux autres actifs\u00a0\u00bb, d\u00e9clare Iglesias, qui ajoute \u00e9galement qu&rsquo;<strong>une fois positionn\u00e9s \u00e0 Barcelone, ils esp\u00e8rent p\u00e9n\u00e9trer d&rsquo;autres march\u00e9s, tels que Madrid, Valence et Malaga<\/strong>. \u00ab\u00a0Nous sommes int\u00e9ress\u00e9s par des actifs dans lesquels nous pouvons ajouter de la valeur gr\u00e2ce \u00e0 notre gestion\u00a0\u00bb, explique M. Iglesias.<\/p>\n<p>\u00ab\u00a0Le point commun de la gestion de Kefren dans ses diff\u00e9rentes lignes d&rsquo;investissement est la g\u00e9n\u00e9ration de valeur ; nous nous concentrons sur l&rsquo;am\u00e9lioration des espaces et sur le fait de les rendre plus attractifs pour leurs utilisateurs et leurs locataires\u00a0\u00bb, souligne Iglesias. \u00ab\u00a0Nous pouvons mettre en \u0153uvre cette strat\u00e9gie en r\u00e9novant des propri\u00e9t\u00e9s existantes ou en d\u00e9veloppant des actifs \u00e0 partir de 0\u00a0\u00bb, ajoute-t-il.<\/p>\n<p>Kefren Capital Real Estate fait partie du groupe Kefren Capital, d\u00e9tenu par In\u00e9s Entrecanales et Pelayo Primo de Rivera. L&rsquo;entreprise a des int\u00e9r\u00eats dans l&rsquo;immobilier, mais aussi dans d&rsquo;autres secteurs d&rsquo;activit\u00e9.<\/p>\n<figure class=\"wp-block-image size-large\"><a href=\"https:\/\/www.opea.io\/\"><img decoding=\"async\" src=\"https:\/\/immo.lecourrier.es\/wp-content\/uploads\/2024\/04\/image-15-1024x105.jpg\"><\/a><\/figure><\/p>\n","protected":false},"excerpt":{"rendered":"<p>Le gestionnaire d&rsquo;investissement \u00e9tudie avec des op\u00e9rateurs et des investisseurs institutionnels le d\u00e9veloppement de complexes r\u00e9sidentiels et de r\u00e9sidences pour personnes \u00e2g\u00e9es sur l&rsquo;ensemble du march\u00e9 espagnol afin de compl\u00e9ter son portefeuille de logistique et de bureaux. Kefren Capital RE s&rsquo;inscrit dans la tendance de l&rsquo;habitat. Le gestionnaire d&rsquo;investissements immobiliers analyse des projets de coliving [&hellip;]<\/p>\n","protected":false},"author":462,"featured_media":23130,"comment_status":"open","ping_status":"closed","sticky":false,"template":"","format":"standard","meta":{"om_disable_all_campaigns":false,"_monsterinsights_skip_tracking":false,"_monsterinsights_sitenote_active":false,"_monsterinsights_sitenote_note":"","_monsterinsights_sitenote_category":0,"_uf_show_specific_survey":0,"_uf_disable_surveys":false,"footnotes":""},"categories":[212,234],"tags":[],"class_list":["post-23127","post","type-post","status-publish","format-standard","has-post-thumbnail","hentry","category-breaking-news","category-logistique-retail"],"acf":[],"_links":{"self":[{"href":"https:\/\/immo.lecourrier.es\/index.php\/wp-json\/wp\/v2\/posts\/23127","targetHints":{"allow":["GET"]}}],"collection":[{"href":"https:\/\/immo.lecourrier.es\/index.php\/wp-json\/wp\/v2\/posts"}],"about":[{"href":"https:\/\/immo.lecourrier.es\/index.php\/wp-json\/wp\/v2\/types\/post"}],"author":[{"embeddable":true,"href":"https:\/\/immo.lecourrier.es\/index.php\/wp-json\/wp\/v2\/users\/462"}],"replies":[{"embeddable":true,"href":"https:\/\/immo.lecourrier.es\/index.php\/wp-json\/wp\/v2\/comments?post=23127"}],"version-history":[{"count":0,"href":"https:\/\/immo.lecourrier.es\/index.php\/wp-json\/wp\/v2\/posts\/23127\/revisions"}],"wp:featuredmedia":[{"embeddable":true,"href":"https:\/\/immo.lecourrier.es\/index.php\/wp-json\/wp\/v2\/media\/23130"}],"wp:attachment":[{"href":"https:\/\/immo.lecourrier.es\/index.php\/wp-json\/wp\/v2\/media?parent=23127"}],"wp:term":[{"taxonomy":"category","embeddable":true,"href":"https:\/\/immo.lecourrier.es\/index.php\/wp-json\/wp\/v2\/categories?post=23127"},{"taxonomy":"post_tag","embeddable":true,"href":"https:\/\/immo.lecourrier.es\/index.php\/wp-json\/wp\/v2\/tags?post=23127"}],"curies":[{"name":"wp","href":"https:\/\/api.w.org\/{rel}","templated":true}]}}