{"id":22994,"date":"2024-04-04T19:45:29","date_gmt":"2024-04-04T19:45:29","guid":{"rendered":"https:\/\/immo.lecourrier.es\/index.php\/2024\/04\/04\/hospes-fait-son-entree-au-portugal-avec-le-premier-hotel-5-etoiles-a-porto\/"},"modified":"2026-03-05T19:35:21","modified_gmt":"2026-03-05T19:35:21","slug":"hospes-fait-son-entree-au-portugal-avec-le-premier-hotel-5-etoiles-a-porto","status":"publish","type":"post","link":"https:\/\/immo.lecourrier.es\/index.php\/2024\/04\/04\/hospes-fait-son-entree-au-portugal-avec-le-premier-hotel-5-etoiles-a-porto\/","title":{"rendered":"Hospes fait son entr\u00e9e au Portugal avec le premier h\u00f4tel 5 \u00e9toiles \u00e0 Porto"},"content":{"rendered":"<p><em>Le groupe h\u00f4telier Hospes a d\u00e9barqu\u00e9 au Portugal avec l&rsquo;h\u00f4tel le plus embl\u00e9matique de Porto, <strong>Hospes Infante Sagres<\/strong>, qui, lorsqu&rsquo;il a ouvert ses portes en 1951, est devenu le<strong> premier h\u00f4tel 5 \u00e9toiles de la ville<\/strong>, dans le c\u0153ur culturel et historique de la ville, un site class\u00e9 au patrimoine mondial de l&rsquo;Unesco. Son promoteur, l&rsquo;homme d&rsquo;affaires et philanthrope<strong> Delfim Ferreira<\/strong>, souhaitait en faire l&rsquo;un des \u00e9tablissements les plus \u00e9l\u00e9gants de Porto. Pour ce faire, il a demand\u00e9 aux meilleurs artisans du pays de travailler dans ce b\u00e2timent prot\u00e9g\u00e9 et de lui donner vie gr\u00e2ce \u00e0 une abondance d&rsquo;\u00e9l\u00e9ments d\u00e9coratifs tels que des ferronneries, des sculptures sur bois et des vitraux, \u0153uvre de <strong>Ricardo Leone<\/strong>.<\/em> <\/p>\n<p>Avec une <strong>histoire illustre qui s&rsquo;\u00e9tend sur plus de 7 d\u00e9cennies<\/strong>, cette \u00ab\u00a0grande dame des h\u00f4tels portugais qui rend hommage \u00e0 la riche histoire de Porto\u00a0\u00bb, comme le d\u00e9finit son directeur g\u00e9n\u00e9ral, <strong>Jean H\u00e9li\u00e8re<\/strong>, est r\u00e9put\u00e9e pour ses int\u00e9rieurs, son service personnalis\u00e9 et sa sophistication intemporelle. Il compte <strong>85 chambres et 10 suites<\/strong>.<\/p>\n<p><strong>Nano Design<\/strong>, un cabinet d&rsquo;architectes renomm\u00e9 de Porto, a r\u00e9invent\u00e9 l&rsquo;espace en fusionnant la culture locale et l&rsquo;\u00e9l\u00e9gance moderne gr\u00e2ce \u00e0 une conception narrative inspir\u00e9e de <strong>l&rsquo;\u00e2ge de la d\u00e9couverte du Portugal<\/strong>. Les int\u00e9rieurs rendent hommage au <strong>prince <strong>Enrique el Navegante<\/strong><\/strong>, \u00e9galement connu sous le nom d&rsquo;Infante Sagres, et \u00e0 \u00ab\u00a0<strong>Os Lus\u00edadas<\/strong>\u00ab\u00a0, un po\u00e8me \u00e9pique portugais \u00e9crit par <strong>Lu\u00eds de Cam\u00f5es<\/strong>.<\/p>\n","protected":false},"excerpt":{"rendered":"<p>Le groupe h\u00f4telier Hospes a d\u00e9barqu\u00e9 au Portugal avec l&rsquo;h\u00f4tel le plus embl\u00e9matique de Porto, Hospes Infante Sagres, qui, lorsqu&rsquo;il a ouvert ses portes en 1951, est devenu le premier h\u00f4tel 5 \u00e9toiles de la ville, dans le c\u0153ur culturel et historique de la ville, un site class\u00e9 au patrimoine mondial de l&rsquo;Unesco. Son promoteur, [&hellip;]<\/p>\n","protected":false},"author":462,"featured_media":22996,"comment_status":"open","ping_status":"closed","sticky":false,"template":"","format":"standard","meta":{"om_disable_all_campaigns":false,"_monsterinsights_skip_tracking":false,"_monsterinsights_sitenote_active":false,"_monsterinsights_sitenote_note":"","_monsterinsights_sitenote_category":0,"_uf_show_specific_survey":0,"_uf_disable_surveys":false,"footnotes":""},"categories":[212,258],"tags":[],"class_list":["post-22994","post","type-post","status-publish","format-standard","has-post-thumbnail","hentry","category-breaking-news","category-hotels-living"],"acf":[],"_links":{"self":[{"href":"https:\/\/immo.lecourrier.es\/index.php\/wp-json\/wp\/v2\/posts\/22994","targetHints":{"allow":["GET"]}}],"collection":[{"href":"https:\/\/immo.lecourrier.es\/index.php\/wp-json\/wp\/v2\/posts"}],"about":[{"href":"https:\/\/immo.lecourrier.es\/index.php\/wp-json\/wp\/v2\/types\/post"}],"author":[{"embeddable":true,"href":"https:\/\/immo.lecourrier.es\/index.php\/wp-json\/wp\/v2\/users\/462"}],"replies":[{"embeddable":true,"href":"https:\/\/immo.lecourrier.es\/index.php\/wp-json\/wp\/v2\/comments?post=22994"}],"version-history":[{"count":0,"href":"https:\/\/immo.lecourrier.es\/index.php\/wp-json\/wp\/v2\/posts\/22994\/revisions"}],"wp:featuredmedia":[{"embeddable":true,"href":"https:\/\/immo.lecourrier.es\/index.php\/wp-json\/wp\/v2\/media\/22996"}],"wp:attachment":[{"href":"https:\/\/immo.lecourrier.es\/index.php\/wp-json\/wp\/v2\/media?parent=22994"}],"wp:term":[{"taxonomy":"category","embeddable":true,"href":"https:\/\/immo.lecourrier.es\/index.php\/wp-json\/wp\/v2\/categories?post=22994"},{"taxonomy":"post_tag","embeddable":true,"href":"https:\/\/immo.lecourrier.es\/index.php\/wp-json\/wp\/v2\/tags?post=22994"}],"curies":[{"name":"wp","href":"https:\/\/api.w.org\/{rel}","templated":true}]}}